{"id":6788,"date":"2018-11-01T07:38:21","date_gmt":"2018-11-01T07:38:21","guid":{"rendered":"https:\/\/teucher-marcel.de\/?p=6788"},"modified":"2018-11-01T07:38:21","modified_gmt":"2018-11-01T07:38:21","slug":"heimspiel-vor-traumkulisse","status":"publish","type":"post","link":"https:\/\/teucher-marcel.de\/?p=6788","title":{"rendered":"Heimspiel vor Traumkulisse"},"content":{"rendered":"<div id=\"dslc-main\">\n\t\t<div  class=\"dslc-modules-section \" style=\"padding-bottom:19px;padding-top:19px;\" data-section-id=\"ab26af1c49c\">\n\t\t\t\t\n\t\t\t\t\n\t\t\t\t<div class=\"dslc-modules-section-wrapper dslc-clearfix\"><div class=\"dslc-modules-area dslc-col dslc-12-col dslc-last-col\" data-size=\"12\" data-valign=\"\">\n\t\t<div id=\"dslc-module-1017\" class=\"dslc-module-front dslc-module-DSLC_TP_Title dslc-in-viewport-check dslc-in-viewport-anim-none  dslc-col dslc-12-col dslc-last-col  dslc-module-handle-like-regular \" data-module-id=\"1017\" data-module=\"DSLC_TP_Title\" data-dslc-module-size=\"12\" data-dslc-anim=\"none\" data-dslc-anim-delay=\"0\" data-dslc-anim-duration=\"650\"  data-dslc-anim-easing=\"ease\" data-dslc-preset=\"none\" >\n\n\t\t\t\n\t\t\t\n\t\t\r\n\t\t\t\t<div class=\"dslc-tp-title\"><h1>Heimspiel vor Traumkulisse<\/h1><\/div>\r\n\r\n\t\t\t\n\t\t\t\t<\/div><!-- .dslc-module -->\n\t\t<\/div><\/div><\/div>\n\t\t<div  class=\"dslc-modules-section \" style=\"background-color:rgb(0, 0, 0);background-image:url(https:\/\/teucher-marcel.de\/wp-content\/uploads\/2018\/11\/GE188510.jpg);background-image:url(https:\/\/teucher-marcel.de\/wp-content\/uploads\/2018\/11\/GE188447.jpg);background-repeat:no-repeat;background-position:center bottom;background-size:cover;\" data-section-id=\"26ef434a3f9\">\n\t\t\t\t<div class=\"dslc-bg-video dslc-force-show\"><div class=\"dslc-bg-video-overlay\" style=\"background-color:#000000; opacity:0.7; \"><\/div><\/div>\n\t\t\t\t\n\t\t\t\t<div class=\"dslc-modules-section-wrapper dslc-clearfix\"><div class=\"dslc-modules-area dslc-col dslc-7-col dslc-first-col\" data-size=\"7\" data-valign=\"\">\n\t\t<div id=\"dslc-module-1018\" class=\"dslc-module-front dslc-module-DSLC_Text_Simple dslc-in-viewport-check dslc-in-viewport-anim-none  dslc-col dslc-12-col dslc-last-col  dslc-module-handle-like-regular \" data-module-id=\"1018\" data-module=\"DSLC_Text_Simple\" data-dslc-module-size=\"12\" data-dslc-anim=\"none\" data-dslc-anim-delay=\"\" data-dslc-anim-duration=\"650\"  data-dslc-anim-easing=\"ease\" data-dslc-preset=\"none\" >\n\n\t\t\t\n\t\t\t\n\t\t\r\n\t\t<div class=\"dslc-text-module-content\">\r\n\t\t\t<p>Alle 2 Jahre findet mein Heim GP in Grie\u00dfbach statt. Es ist immer wieder sch\u00f6n, ein so gro\u00dfes Rennen vor der Haust\u00fcr zu bestreiten und macht Einiges viel einfacher. Ich kann zum Beispiel einfach zu Hause schlafen :D<\/p><p>Da das Getzenrodeo diesmal an einem Sonntag stattfand, hatte sich der Getzenrodeo e.V. f\u00fcr den Samstag ein umfangreiches Rahmenprogramm ausgedacht. Los ging es mit dem freien Training auf der Teststrecke. Auch dort versammelten sich schon viele Enduro Fans und ich nutze die Chance, um den Boden im Getzenwald zu testen. Wie ich es mir schon gedacht hatte, fuhren sich ziemlich schnell tiefe Spuren in den lockeren, staubtrockenen Waldboden. So konnten wir erahnen, in welche es Richtung es am Sonntag gehen sollte.<\/p>\t\t<\/div>\r\n\r\n\t\t\n\t\t\t\t<\/div><!-- .dslc-module -->\n\t\t<\/div><div class=\"dslc-modules-area dslc-col dslc-5-col dslc-last-col\" data-size=\"5\" data-valign=\"\">\n\t\t<div id=\"dslc-module-1019\" class=\"dslc-module-front dslc-module-DSLC_Image dslc-in-viewport-check dslc-in-viewport-anim-none  dslc-col dslc-12-col dslc-last-col  dslc-module-handle-like-regular \" data-module-id=\"1019\" data-module=\"DSLC_Image\" data-dslc-module-size=\"12\" data-dslc-anim=\"none\" data-dslc-anim-delay=\"0\" data-dslc-anim-duration=\"650\"  data-dslc-anim-easing=\"ease\" data-dslc-preset=\"none\" >\n\n\t\t\t\n\t\t\t\n\t\t\t\t<div class=\"dslc-image-container\">\r\n\t\t<div class=\"dslc-image\">\r\n\r\n\t\t\t\r\n\t\t\t\t\r\n\t\t\t\t\t\t\t\t\t<img src=\"https:\/\/teucher-marcel.de\/wp-content\/uploads\/2018\/11\/GE188173.jpg\" alt=\"\" title=\"\" srcset=\"https:\/\/teucher-marcel.de\/wp-content\/uploads\/2018\/11\/GE188173.jpg 1596w, https:\/\/teucher-marcel.de\/wp-content\/uploads\/2018\/11\/GE188173-300x200.jpg 300w, https:\/\/teucher-marcel.de\/wp-content\/uploads\/2018\/11\/GE188173-768x512.jpg 768w, https:\/\/teucher-marcel.de\/wp-content\/uploads\/2018\/11\/GE188173-1024x683.jpg 1024w\" sizes=\"(max-width: 1596px) 100vw, 1596px\" \/>\r\n\t\t\t\t\r\n\t\t\t\t\t\t\t\t\t<\/div><!-- .dslc-image -->\r\n\t\t<\/div>\r\n\t\t\n\t\t\t\t<\/div><!-- .dslc-module -->\n\t\t<\/div><div class=\"dslc-modules-area dslc-col dslc-12-col dslc-last-col\" data-size=\"12\" data-valign=\"\">\n\t\t<div id=\"dslc-module-1020\" class=\"dslc-module-front dslc-module-DSLC_Text_Simple dslc-in-viewport-check dslc-in-viewport-anim-none  dslc-col dslc-12-col dslc-last-col  dslc-module-handle-like-regular \" data-module-id=\"1020\" data-module=\"DSLC_Text_Simple\" data-dslc-module-size=\"12\" data-dslc-anim=\"none\" data-dslc-anim-delay=\"0\" data-dslc-anim-duration=\"650\"  data-dslc-anim-easing=\"ease\" data-dslc-preset=\"none\" >\n\n\t\t\t\n\t\t\t\n\t\t\r\n\t\t<div class=\"dslc-text-module-content\">\r\n\t\t\t<p>Im Anschluss des freien Trainings ging es zur Pressekonferenz mit Autogrammstunde. Zu dieser waren schon solche Menschenmassen auf das Festgel\u00e4nde gepilgert, dass wir auch nach einer halben Stunde immer noch nicht alle Autogrammw\u00fcnsche erf\u00fcllen konnten. Auch bei der Riderspr\u00e4sentation und Auslosung der Startpl\u00e4tze war das Festzelt im Mogatec Gel\u00e4nde bis zum Rand voll. Zwei kleine Gl\u00fccksfeen zogen Platz 23 f\u00fcr mich, mittig auf der Startreihe.<\/p>\t\t<\/div>\r\n\r\n\t\t\n\t\t\t\t<\/div><!-- .dslc-module -->\n\t\t\n\t\t<div id=\"dslc-module-1021\" class=\"dslc-module-front dslc-module-DSLC_Image dslc-in-viewport-check dslc-in-viewport-anim-none  dslc-col dslc-12-col dslc-last-col  dslc-module-handle-like-regular \" data-module-id=\"1021\" data-module=\"DSLC_Image\" data-dslc-module-size=\"12\" data-dslc-anim=\"none\" data-dslc-anim-delay=\"0\" data-dslc-anim-duration=\"650\"  data-dslc-anim-easing=\"ease\" data-dslc-preset=\"none\" >\n\n\t\t\t\n\t\t\t\n\t\t\t\t<div class=\"dslc-image-container\">\r\n\t\t<div class=\"dslc-image\">\r\n\r\n\t\t\t\r\n\t\t\t\t\r\n\t\t\t\t\t\t\t\t\t<img src=\"https:\/\/teucher-marcel.de\/wp-content\/uploads\/2018\/11\/GE188510.jpg\" alt=\"\" title=\"\" srcset=\"https:\/\/teucher-marcel.de\/wp-content\/uploads\/2018\/11\/GE188510.jpg 1600w, https:\/\/teucher-marcel.de\/wp-content\/uploads\/2018\/11\/GE188510-300x197.jpg 300w, https:\/\/teucher-marcel.de\/wp-content\/uploads\/2018\/11\/GE188510-768x505.jpg 768w, https:\/\/teucher-marcel.de\/wp-content\/uploads\/2018\/11\/GE188510-1024x673.jpg 1024w\" sizes=\"(max-width: 1600px) 100vw, 1600px\" \/>\r\n\t\t\t\t\r\n\t\t\t\t\t\t\t\t\t<\/div><!-- .dslc-image -->\r\n\t\t<\/div>\r\n\t\t\n\t\t\t\t<\/div><!-- .dslc-module -->\n\t\t\n\t\t<div id=\"dslc-module-1022\" class=\"dslc-module-front dslc-module-DSLC_Text_Simple dslc-in-viewport-check dslc-in-viewport-anim-none  dslc-col dslc-6-col  dslc-module-handle-like-regular \" data-module-id=\"1022\" data-module=\"DSLC_Text_Simple\" data-dslc-module-size=\"6\" data-dslc-anim=\"none\" data-dslc-anim-delay=\"0\" data-dslc-anim-duration=\"650\"  data-dslc-anim-easing=\"ease\" data-dslc-preset=\"none\" >\n\n\t\t\t\n\t\t\t\n\t\t\r\n\t\t<div class=\"dslc-text-module-content\">\r\n\t\t\t<p>Als ich Sonntagmorgen zum Rennen fuhr, waren die Stra\u00dfen rings um Gie\u00dfbach bereits verstopft. \u00dcber 12.000 Zuschauer sorgten erneut f\u00fcr eine unglaubliche Stimmung. Diese wird es wohl weltweit nur einmal geben - so kenne ich es zumindest von keinem anderen Rennen.<br> Mein Start ins 2h Getzen Race war sehr gut. Leider kam mir ein BETA Fahrer von rechts oben immer n\u00e4her, obwohl ich die Nase vorn hatte. Ich sp\u00fcrte den Lenker auf meinem rechten Arm und wir verhakten uns und kamen mit 3 weiteren Piloten zu Fall. Das war schon ziemlich bitter, denn in der Kartoffelreibe war erstmal ein gro\u00dfer Stau an einer kleinen Auffahrt.<\/p><p>Vielleicht k\u00f6nnte man sich f\u00fcr 2020 \u00fcberlegen, ob man nicht anstelle des Trainings eine Art Prolog f\u00e4hrt um dann in 12 Reihen oder \u00e4hnlich, mit kleinen Abst\u00e4nden ins Rennen zu gehen. Es w\u00e4re auf jeden Fall f\u00fcr alle Fahrer fairer. Als es dann endlich weiterging, kam ich die erste Runde nicht richtig in Fahrt. Doch dann die Aufholjagd, getragen von den vielen Fans kam ich Runde um Runde weiter nach vorn. Obwohl ich der vorletzten Runde einen kleinen Durchh\u00e4nger hatte und mit meinen Kr\u00e4ften haushalten musste, kam ein 21. Platz raus. Viertbester Deutscher diesem Weltklasse Feld ist f\u00fcr mich super ok. Klar wollte ich einmal ins Finale kommen, aber vielleicht ergibt sich ja in 2 Jahren eine neue Chance.<\/p>\t\t<\/div>\r\n\r\n\t\t\n\t\t\t\t<\/div><!-- .dslc-module -->\n\t\t\n\t\t<div id=\"dslc-module-1023\" class=\"dslc-module-front dslc-module-DSLC_Html dslc-in-viewport-check dslc-in-viewport-anim-none  dslc-col dslc-6-col dslc-last-col  dslc-module-handle-like-regular \" data-module-id=\"1023\" data-module=\"DSLC_Html\" data-dslc-module-size=\"6\" data-dslc-anim=\"none\" data-dslc-anim-delay=\"0\" data-dslc-anim-duration=\"650\"  data-dslc-anim-easing=\"ease\" data-dslc-preset=\"none\" >\n\n\t\t\t\n\t\t\t\n\t\t<div class=\"dslc-html-module-content\"><iframe width=\"560\" height=\"315\" src=\"https:\/\/www.youtube.com\/embed\/rYXTYtMJY-I\" frameborder=\"0\" allow=\"accelerometer; autoplay; encrypted-media; gyroscope; picture-in-picture\" allowfullscreen><\/iframe><\/div>\n\t\t\t\t<\/div><!-- .dslc-module -->\n\t\t\n\t\t<div id=\"dslc-module-1024\" class=\"dslc-module-front dslc-module-DSLC_Image dslc-in-viewport-check dslc-in-viewport-anim-none  dslc-col dslc-12-col dslc-last-col  dslc-module-handle-like-regular \" data-module-id=\"1024\" data-module=\"DSLC_Image\" data-dslc-module-size=\"12\" data-dslc-anim=\"none\" data-dslc-anim-delay=\"0\" data-dslc-anim-duration=\"650\"  data-dslc-anim-easing=\"ease\" data-dslc-preset=\"none\" >\n\n\t\t\t\n\t\t\t\n\t\t\t\t<div class=\"dslc-image-container\">\r\n\t\t<div class=\"dslc-image\">\r\n\r\n\t\t\t\r\n\t\t\t\t\r\n\t\t\t\t\t\t\t\t\t<img src=\"https:\/\/teucher-marcel.de\/wp-content\/uploads\/2018\/11\/DSC_3195.jpg\" alt=\"\" title=\"\" srcset=\"https:\/\/teucher-marcel.de\/wp-content\/uploads\/2018\/11\/DSC_3195.jpg 1600w, https:\/\/teucher-marcel.de\/wp-content\/uploads\/2018\/11\/DSC_3195-300x200.jpg 300w, https:\/\/teucher-marcel.de\/wp-content\/uploads\/2018\/11\/DSC_3195-768x511.jpg 768w, https:\/\/teucher-marcel.de\/wp-content\/uploads\/2018\/11\/DSC_3195-1024x681.jpg 1024w\" sizes=\"(max-width: 1600px) 100vw, 1600px\" \/>\r\n\t\t\t\t\r\n\t\t\t\t\t\t\t\t\t<\/div><!-- .dslc-image -->\r\n\t\t<\/div>\r\n\t\t\n\t\t\t\t<\/div><!-- .dslc-module -->\n\t\t\n\t\t<div id=\"dslc-module-1025\" class=\"dslc-module-front dslc-module-DSLC_Text_Simple dslc-in-viewport-check dslc-in-viewport-anim-none  dslc-col dslc-12-col dslc-last-col  dslc-module-handle-like-regular \" data-module-id=\"1025\" data-module=\"DSLC_Text_Simple\" data-dslc-module-size=\"12\" data-dslc-anim=\"none\" data-dslc-anim-delay=\"0\" data-dslc-anim-duration=\"650\"  data-dslc-anim-easing=\"ease\" data-dslc-preset=\"none\" >\n\n\t\t\t\n\t\t\t\n\t\t\r\n\t\t<div class=\"dslc-text-module-content\">\r\n\t\t\t<p>Danke ans Getzen Team f\u00fcr eure Arbeit. Was ihr mit nur 18 Vereinsmitgliedern auf die Beine gestellt habt, ist der pure Wahnsinn. Danke an die Fans die uns das ganze Rennen anfeuerten und nat\u00fcrlich an meine Sponsoren und Betreuer.<\/p><p>Am 03.11. folgt nun der Abschluss der HardEnduroSeries Germany Saison in Schwepnitz. Dann beginnt die Vorbereitung auf Krakau, Auftakt zur Superenduro Saison 2018\/2019.<\/p>\t\t<\/div>\r\n\r\n\t\t\n\t\t\t\t<\/div><!-- .dslc-module -->\n\t\t<\/div><\/div><\/div><\/div><input type=\"hidden\" id=\"dslca-post-data-thumb\" value=\"https:\/\/teucher-marcel.de\/wp-content\/uploads\/2018\/11\/GE188510.jpg\" \/>","protected":false},"excerpt":{"rendered":"<p>Heimspiel vor Traumkulisse Alle 2 Jahre findet mein Heim GP in Grie\u00dfbach statt. Es ist immer wieder sch\u00f6n, ein so gro\u00dfes Rennen vor der Haust\u00fcr zu bestreiten und macht Einiges viel einfacher. Ich kann zum Beispiel einfach zu Hause schlafen :DDa das Getzenrodeo diesmal an einem Sonntag stattfand, hatte sich der Getzenrodeo e.V. f\u00fcr den [&hellip;]<\/p>\n","protected":false},"author":1,"featured_media":6785,"comment_status":"closed","ping_status":"open","sticky":false,"template":"","format":"standard","meta":{"ngg_post_thumbnail":0,"footnotes":"","_links_to":"","_links_to_target":""},"categories":[17],"tags":[],"class_list":["post-6788","post","type-post","status-publish","format-standard","has-post-thumbnail","hentry","category-news-2018"],"_links":{"self":[{"href":"https:\/\/teucher-marcel.de\/index.php?rest_route=\/wp\/v2\/posts\/6788","targetHints":{"allow":["GET"]}}],"collection":[{"href":"https:\/\/teucher-marcel.de\/index.php?rest_route=\/wp\/v2\/posts"}],"about":[{"href":"https:\/\/teucher-marcel.de\/index.php?rest_route=\/wp\/v2\/types\/post"}],"author":[{"embeddable":true,"href":"https:\/\/teucher-marcel.de\/index.php?rest_route=\/wp\/v2\/users\/1"}],"replies":[{"embeddable":true,"href":"https:\/\/teucher-marcel.de\/index.php?rest_route=%2Fwp%2Fv2%2Fcomments&post=6788"}],"version-history":[{"count":1,"href":"https:\/\/teucher-marcel.de\/index.php?rest_route=\/wp\/v2\/posts\/6788\/revisions"}],"predecessor-version":[{"id":6789,"href":"https:\/\/teucher-marcel.de\/index.php?rest_route=\/wp\/v2\/posts\/6788\/revisions\/6789"}],"wp:featuredmedia":[{"embeddable":true,"href":"https:\/\/teucher-marcel.de\/index.php?rest_route=\/wp\/v2\/media\/6785"}],"wp:attachment":[{"href":"https:\/\/teucher-marcel.de\/index.php?rest_route=%2Fwp%2Fv2%2Fmedia&parent=6788"}],"wp:term":[{"taxonomy":"category","embeddable":true,"href":"https:\/\/teucher-marcel.de\/index.php?rest_route=%2Fwp%2Fv2%2Fcategories&post=6788"},{"taxonomy":"post_tag","embeddable":true,"href":"https:\/\/teucher-marcel.de\/index.php?rest_route=%2Fwp%2Fv2%2Ftags&post=6788"}],"curies":[{"name":"wp","href":"https:\/\/api.w.org\/{rel}","templated":true}]}}