{"id":6835,"date":"2019-01-28T12:42:08","date_gmt":"2019-01-28T12:42:08","guid":{"rendered":"https:\/\/teucher-marcel.de\/?p=6835"},"modified":"2019-01-28T12:42:28","modified_gmt":"2019-01-28T12:42:28","slug":"superenduro-madrid-endlich-der-erste-superenduro-sieg","status":"publish","type":"post","link":"https:\/\/teucher-marcel.de\/?p=6835","title":{"rendered":"Superenduro Madrid &#8211; Endlich der erste Superenduro Sieg"},"content":{"rendered":"<div id=\"dslc-main\">\n\t\t<div  class=\"dslc-modules-section \" style=\"padding-bottom:19px;padding-top:19px;\" data-section-id=\"d8c0454e9e9\">\n\t\t\t\t\n\t\t\t\t\n\t\t\t\t<div class=\"dslc-modules-section-wrapper dslc-clearfix\"><div class=\"dslc-modules-area dslc-col dslc-12-col dslc-last-col\" data-size=\"12\" data-valign=\"\">\n\t\t<div id=\"dslc-module-eaae3277638\" class=\"dslc-module-front dslc-module-DSLC_TP_Title dslc-in-viewport-check dslc-in-viewport-anim-none  dslc-col dslc-12-col dslc-last-col  dslc-module-handle-like-regular \" data-module-id=\"eaae3277638\" data-module=\"DSLC_TP_Title\" data-dslc-module-size=\"12\" data-dslc-anim=\"none\" data-dslc-anim-delay=\"\" data-dslc-anim-duration=\"650\"  data-dslc-anim-easing=\"ease\" data-dslc-preset=\"none\" >\n\n\t\t\t\n\t\t\t\n\t\t\r\n\t\t\t\t<div class=\"dslc-tp-title\"><h1>Superenduro Madrid &#8211; Endlich der erste Superenduro Sieg<\/h1><\/div>\r\n\r\n\t\t\t\n\t\t\t\t<\/div><!-- .dslc-module -->\n\t\t<\/div><\/div><\/div>\n\t\t<div  class=\"dslc-modules-section \" style=\"background-color:rgb(0, 0, 0);background-image:url(https:\/\/teucher-marcel.de\/wp-content\/uploads\/2019\/01\/SEWC9872.jpg);background-image:url(https:\/\/teucher-marcel.de\/wp-content\/uploads\/2019\/01\/SEWC9045.jpg);background-repeat:no-repeat;background-position:center bottom;background-size:cover;\" data-section-id=\"738ff183c7a\">\n\t\t\t\t<div class=\"dslc-bg-video dslc-force-show\"><div class=\"dslc-bg-video-overlay\" style=\"background-color:#000000; opacity:0.7; \"><\/div><\/div>\n\t\t\t\t\n\t\t\t\t<div class=\"dslc-modules-section-wrapper dslc-clearfix\"><div class=\"dslc-modules-area dslc-col dslc-12-col dslc-last-col\" data-size=\"12\" data-valign=\"\">\n\t\t<div id=\"dslc-module-02b86f4af0c\" class=\"dslc-module-front dslc-module-DSLC_Text_Simple dslc-in-viewport-check dslc-in-viewport-anim-none  dslc-col dslc-12-col dslc-last-col  dslc-module-handle-like-regular \" data-module-id=\"02b86f4af0c\" data-module=\"DSLC_Text_Simple\" data-dslc-module-size=\"12\" data-dslc-anim=\"none\" data-dslc-anim-delay=\"\" data-dslc-anim-duration=\"650\"  data-dslc-anim-easing=\"ease\" data-dslc-preset=\"none\" >\n\n\t\t\t\n\t\t\t\n\t\t\r\n\t\t<div class=\"dslc-text-module-content\">\r\n\t\t\t<p>Am Wochenende war ich zum SuperEnduro in Madrid, um meine Rennroutine zu verbessern. Im Rahmen der WM wurde, wie in Riesa eine nationale Wertung ausgetragen. In den beiden Trainings \u00e1 6min habe ich mich an die sehr technisch anspruchsvolle Strecke rangetastet. Die Spanier wissen genau wie ein SuperEnduro Track auszusehen hat. Es gab kaum einen Meter ohne Hindernisse. Konditionell bisher der anspruchsvollste Track, den ich gefahren bin. Matrix, mehrere Steinfelder, Baumstammspr\u00fcnge, Reifenspr\u00fcnge und Polizei-Panzerwagen zum dr\u00fcber fahren. Auch der Boden war geil<\/p><p>Mit der 6. Zeit in Qualifikation war ich unzufrieden. Ich fand keine freie Runde und musste mich an den anderen vorbei k\u00e4mpfen. Das war aber gut, denn im Rennen war es dann nicht anders...<\/p>\t\t<\/div>\r\n\r\n\t\t\n\t\t\t\t<\/div><!-- .dslc-module -->\n\t\t<\/div><div class=\"dslc-modules-area dslc-col dslc-12-col dslc-last-col\" data-size=\"12\" data-valign=\"\">\n\t\t<div id=\"dslc-module-dff18e2b664\" class=\"dslc-module-front dslc-module-DSLC_Image dslc-in-viewport-check dslc-in-viewport-anim-none  dslc-col dslc-12-col dslc-last-col  dslc-module-handle-like-regular \" data-module-id=\"dff18e2b664\" data-module=\"DSLC_Image\" data-dslc-module-size=\"12\" data-dslc-anim=\"none\" data-dslc-anim-delay=\"\" data-dslc-anim-duration=\"650\"  data-dslc-anim-easing=\"ease\" data-dslc-preset=\"none\" >\n\n\t\t\t\n\t\t\t\n\t\t\t\t<div class=\"dslc-image-container\">\r\n\t\t<div class=\"dslc-image\">\r\n\r\n\t\t\t\r\n\t\t\t\t\r\n\t\t\t\t\t\t\t\t\t<img src=\"https:\/\/teucher-marcel.de\/wp-content\/uploads\/2019\/01\/SEWC9012.jpg\" alt=\"\" title=\"\" srcset=\"https:\/\/teucher-marcel.de\/wp-content\/uploads\/2019\/01\/SEWC9012.jpg 1576w, https:\/\/teucher-marcel.de\/wp-content\/uploads\/2019\/01\/SEWC9012-300x200.jpg 300w, https:\/\/teucher-marcel.de\/wp-content\/uploads\/2019\/01\/SEWC9012-768x512.jpg 768w, https:\/\/teucher-marcel.de\/wp-content\/uploads\/2019\/01\/SEWC9012-1024x683.jpg 1024w\" sizes=\"(max-width: 1576px) 100vw, 1576px\" \/>\r\n\t\t\t\t\r\n\t\t\t\t\t\t\t\t\t<\/div><!-- .dslc-image -->\r\n\t\t<\/div>\r\n\t\t\n\t\t\t\t<\/div><!-- .dslc-module -->\n\t\t\n\t\t<div id=\"dslc-module-90acbfcf62c\" class=\"dslc-module-front dslc-module-DSLC_Text_Simple dslc-in-viewport-check dslc-in-viewport-anim-none  dslc-col dslc-12-col dslc-last-col  dslc-module-handle-like-regular \" data-module-id=\"90acbfcf62c\" data-module=\"DSLC_Text_Simple\" data-dslc-module-size=\"12\" data-dslc-anim=\"none\" data-dslc-anim-delay=\"\" data-dslc-anim-duration=\"650\"  data-dslc-anim-easing=\"ease\" data-dslc-preset=\"none\" >\n\n\t\t\t\n\t\t\t\n\t\t\r\n\t\t<div class=\"dslc-text-module-content\">\r\n\t\t\t<p>Ich stand beim ersten Start fast ganz au\u00dfen, was eigentlich suboptimal ist. Erwischte es aber ganz gut und konnte mich hinter Tom Knight (der Neffe von David Knight) einreihen, der sich dann aber, am Absprung vorm gro\u00dfen Sprung, vor mir quer stellte und wir beide weit zur\u00fcckfielen. Mit Pech kannte ich mich zum Gl\u00fcck aber aus (ich sag nur Polen und Riesa)... Ich startete, wie schon fast von allen anderen SuperEnduros gewohnt, eine Aufholjagd. Doch diesmal f\u00fchlte ich mich gut, um wieder nach vorn zu kommen. Gegen Rennmitte war ich in F\u00fchrung, doch Knight kam auch von hinten und beim \u00dcberrunden eines langsameren Fahrers hatte er einen Augenblick die bessere und schnellere Spur und ich musste ihn vorbeilassen. Doch er war auf Schlagdistanz und machte auch Fehler. In der letzten Runde war ich fast dran. Struggelte etwas in der Matrix, Knight aber auch, so dass es eine knappe Sache war. Mental war das Rennen f\u00fcr mich enorm wichtig, Denn ich wusste ich bin schneller und kann es schaffen.<\/p><p>Im \u201eReverseGrid\u201c stand ich in zweiter Reihe dann innen, was super war. Denn Timo Jungmann vor mir, war brutal schnell am Start, etwas zu schnell und blockte damit die erste Reihe nach au\u00dfen. Ich konnte so innen durch und auf Platz 4 oder 5 in die erste Runde einbiegen und \u00fcber den gro\u00dfen Sprung, zog ein Spanier zur\u00fcck. So war nur noch Timo und Eddie Findling, der sich vor Timos Blockpass den Holeshot sicherte, vor mir. In der Matrix konnte ich dann vorbei gehen und die F\u00fchrung \u00fcbernehmen. Mein Kumpel Denis signalisierte mir, dass mein h\u00e4rtester Gegner einen miesen Start hatte. Ich riskierte also nichts und sparte etwas Kr\u00e4fte so gut es eben ging, auf diesem Track. Mein Plan ging auf und ich konnte mit deutlichem Vorsprung das Rennen gewinnen. Das war die Performance, die ich eigentlich in Polen schon haben wollte. Mit Platz 2\/1 gewann ich die Gesamtwertung, da Knight eine Zeitstrafe 1\/3 hatte und auch mit 1\/2 den K\u00fcrzeren gezogen h\u00e4tte.<\/p>\t\t<\/div>\r\n\r\n\t\t\n\t\t\t\t<\/div><!-- .dslc-module -->\n\t\t\n\t\t<div id=\"dslc-module-d639feef596\" class=\"dslc-module-front dslc-module-DSLC_Image dslc-in-viewport-check dslc-in-viewport-anim-none  dslc-col dslc-12-col dslc-last-col  dslc-module-handle-like-regular \" data-module-id=\"d639feef596\" data-module=\"DSLC_Image\" data-dslc-module-size=\"12\" data-dslc-anim=\"none\" data-dslc-anim-delay=\"\" data-dslc-anim-duration=\"650\"  data-dslc-anim-easing=\"ease\" data-dslc-preset=\"none\" >\n\n\t\t\t\n\t\t\t\n\t\t\t\t<div class=\"dslc-image-container\">\r\n\t\t<div class=\"dslc-image\">\r\n\r\n\t\t\t\r\n\t\t\t\t\r\n\t\t\t\t\t\t\t\t\t<img src=\"https:\/\/teucher-marcel.de\/wp-content\/uploads\/2019\/01\/SEWC9080.jpg\" alt=\"\" title=\"\" srcset=\"https:\/\/teucher-marcel.de\/wp-content\/uploads\/2019\/01\/SEWC9080.jpg 1463w, https:\/\/teucher-marcel.de\/wp-content\/uploads\/2019\/01\/SEWC9080-300x206.jpg 300w, https:\/\/teucher-marcel.de\/wp-content\/uploads\/2019\/01\/SEWC9080-768x528.jpg 768w, https:\/\/teucher-marcel.de\/wp-content\/uploads\/2019\/01\/SEWC9080-1024x703.jpg 1024w\" sizes=\"(max-width: 1463px) 100vw, 1463px\" \/>\r\n\t\t\t\t\r\n\t\t\t\t\t\t\t\t\t<\/div><!-- .dslc-image -->\r\n\t\t<\/div>\r\n\t\t\n\t\t\t\t<\/div><!-- .dslc-module -->\n\t\t\n\t\t<div id=\"dslc-module-ec4a14f1982\" class=\"dslc-module-front dslc-module-DSLC_Text_Simple dslc-in-viewport-check dslc-in-viewport-anim-none  dslc-col dslc-12-col dslc-last-col  dslc-module-handle-like-regular \" data-module-id=\"ec4a14f1982\" data-module=\"DSLC_Text_Simple\" data-dslc-module-size=\"12\" data-dslc-anim=\"none\" data-dslc-anim-delay=\"\" data-dslc-anim-duration=\"650\"  data-dslc-anim-easing=\"ease\" data-dslc-preset=\"none\" >\n\n\t\t\t\n\t\t\t\n\t\t\r\n\t\t<div class=\"dslc-text-module-content\">\r\n\t\t\t<p>Ich m\u00f6chte mich beim Team Hillclimb bedanken, die f\u00fcr mich den Biketransport nach Madrid erm\u00f6glicht haben und an Rex und Denis f\u00fcr alles andere.<\/p><p>Weiter geht es f\u00fcr mich in 14Tagen in Budapest (Ungarn) im Europacup. Dort werden die Karten wieder neu gemischt.<\/p><p>Bis dahin w\u00fcnsche Allen eine sch\u00f6ne Woche<\/p>\t\t<\/div>\r\n\r\n\t\t\n\t\t\t\t<\/div><!-- .dslc-module -->\n\t\t\n\t\t<div id=\"dslc-module-0aj1ip7i8b\" class=\"dslc-module-front dslc-module-DSLC_Image dslc-in-viewport-check dslc-in-viewport-anim-none  dslc-col dslc-12-col dslc-last-col  dslc-module-handle-like-regular \" data-module-id=\"0aj1ip7i8b\" data-module=\"DSLC_Image\" data-dslc-module-size=\"12\" data-dslc-anim=\"none\" data-dslc-anim-delay=\"\" data-dslc-anim-duration=\"650\"  data-dslc-anim-easing=\"ease\" data-dslc-preset=\"none\" >\n\n\t\t\t\n\t\t\t\n\t\t\t\t<div class=\"dslc-image-container\">\r\n\t\t<div class=\"dslc-image\">\r\n\r\n\t\t\t\r\n\t\t\t\t\r\n\t\t\t\t\t\t\t\t\t<img src=\"https:\/\/teucher-marcel.de\/wp-content\/uploads\/2019\/01\/SEWC9872.jpg\" alt=\"\" title=\"\" srcset=\"https:\/\/teucher-marcel.de\/wp-content\/uploads\/2019\/01\/SEWC9872.jpg 1508w, https:\/\/teucher-marcel.de\/wp-content\/uploads\/2019\/01\/SEWC9872-300x200.jpg 300w, https:\/\/teucher-marcel.de\/wp-content\/uploads\/2019\/01\/SEWC9872-768x512.jpg 768w, https:\/\/teucher-marcel.de\/wp-content\/uploads\/2019\/01\/SEWC9872-1024x682.jpg 1024w\" sizes=\"(max-width: 1508px) 100vw, 1508px\" \/>\r\n\t\t\t\t\r\n\t\t\t\t\t\t\t\t\t<\/div><!-- .dslc-image -->\r\n\t\t<\/div>\r\n\t\t\n\t\t\t\t<\/div><!-- .dslc-module -->\n\t\t<\/div><\/div><\/div><\/div><input type=\"hidden\" id=\"dslca-post-data-thumb\" value=\"https:\/\/teucher-marcel.de\/wp-content\/uploads\/2019\/01\/SEWC9872.jpg\" \/>","protected":false},"excerpt":{"rendered":"<p>Superenduro Madrid &#8211; Endlich der erste Superenduro Sieg Am Wochenende war ich zum SuperEnduro in Madrid, um meine Rennroutine zu verbessern. Im Rahmen der WM wurde, wie in Riesa eine nationale Wertung ausgetragen. In den beiden Trainings \u00e1 6min habe ich mich an die sehr technisch anspruchsvolle Strecke rangetastet. Die Spanier wissen genau wie ein [&hellip;]<\/p>\n","protected":false},"author":1,"featured_media":6832,"comment_status":"closed","ping_status":"open","sticky":false,"template":"","format":"standard","meta":{"ngg_post_thumbnail":0,"footnotes":"","_links_to":"","_links_to_target":""},"categories":[21],"tags":[],"class_list":["post-6835","post","type-post","status-publish","format-standard","has-post-thumbnail","hentry","category-news-2019"],"_links":{"self":[{"href":"https:\/\/teucher-marcel.de\/index.php?rest_route=\/wp\/v2\/posts\/6835","targetHints":{"allow":["GET"]}}],"collection":[{"href":"https:\/\/teucher-marcel.de\/index.php?rest_route=\/wp\/v2\/posts"}],"about":[{"href":"https:\/\/teucher-marcel.de\/index.php?rest_route=\/wp\/v2\/types\/post"}],"author":[{"embeddable":true,"href":"https:\/\/teucher-marcel.de\/index.php?rest_route=\/wp\/v2\/users\/1"}],"replies":[{"embeddable":true,"href":"https:\/\/teucher-marcel.de\/index.php?rest_route=%2Fwp%2Fv2%2Fcomments&post=6835"}],"version-history":[{"count":1,"href":"https:\/\/teucher-marcel.de\/index.php?rest_route=\/wp\/v2\/posts\/6835\/revisions"}],"predecessor-version":[{"id":6836,"href":"https:\/\/teucher-marcel.de\/index.php?rest_route=\/wp\/v2\/posts\/6835\/revisions\/6836"}],"wp:featuredmedia":[{"embeddable":true,"href":"https:\/\/teucher-marcel.de\/index.php?rest_route=\/wp\/v2\/media\/6832"}],"wp:attachment":[{"href":"https:\/\/teucher-marcel.de\/index.php?rest_route=%2Fwp%2Fv2%2Fmedia&parent=6835"}],"wp:term":[{"taxonomy":"category","embeddable":true,"href":"https:\/\/teucher-marcel.de\/index.php?rest_route=%2Fwp%2Fv2%2Fcategories&post=6835"},{"taxonomy":"post_tag","embeddable":true,"href":"https:\/\/teucher-marcel.de\/index.php?rest_route=%2Fwp%2Fv2%2Ftags&post=6835"}],"curies":[{"name":"wp","href":"https:\/\/api.w.org\/{rel}","templated":true}]}}