{"id":6949,"date":"2019-06-19T12:31:46","date_gmt":"2019-06-19T12:31:46","guid":{"rendered":"https:\/\/teucher-marcel.de\/?p=6949"},"modified":"2019-06-19T12:31:51","modified_gmt":"2019-06-19T12:31:51","slug":"haertestes-knorpelschaenkenenduro-ever","status":"publish","type":"post","link":"https:\/\/teucher-marcel.de\/?p=6949","title":{"rendered":"H\u00e4rtestes Knorpelsch\u00e4nkenenduro ever\u2026"},"content":{"rendered":"<div id=\"dslc-main\">\n\t\t<div  class=\"dslc-modules-section \" style=\"padding-bottom:19px;padding-top:19px;\" data-section-id=\"665569a8a05\">\n\t\t\t\t\n\t\t\t\t\n\t\t\t\t<div class=\"dslc-modules-section-wrapper dslc-clearfix\"><div class=\"dslc-modules-area dslc-col dslc-12-col dslc-last-col\" data-size=\"12\" data-valign=\"\">\n\t\t<div id=\"dslc-module-f6f39fec413\" class=\"dslc-module-front dslc-module-DSLC_TP_Title dslc-in-viewport-check dslc-in-viewport-anim-none  dslc-col dslc-12-col dslc-last-col  dslc-module-handle-like-regular \" data-module-id=\"f6f39fec413\" data-module=\"DSLC_TP_Title\" data-dslc-module-size=\"12\" data-dslc-anim=\"none\" data-dslc-anim-delay=\"\" data-dslc-anim-duration=\"650\"  data-dslc-anim-easing=\"ease\" data-dslc-preset=\"none\" >\n\n\t\t\t\n\t\t\t\n\t\t\r\n\t\t\t\t<div class=\"dslc-tp-title\"><h1>H\u00e4rtestes Knorpelsch\u00e4nkenenduro ever\u2026<\/h1><\/div>\r\n\r\n\t\t\t\n\t\t\t\t<\/div><!-- .dslc-module -->\n\t\t<\/div><\/div><\/div>\n\t\t<div  class=\"dslc-modules-section \" style=\"background-color:rgb(0, 0, 0);background-image:url(https:\/\/teucher-marcel.de\/wp-content\/uploads\/2019\/06\/KNO_4418.jpg);background-image:url(https:\/\/teucher-marcel.de\/wp-content\/uploads\/2019\/06\/KNO_4538.jpg);background-repeat:no-repeat;background-position:center bottom;background-size:cover;\" data-section-id=\"d6318a1c43e\">\n\t\t\t\t<div class=\"dslc-bg-video dslc-force-show\"><div class=\"dslc-bg-video-overlay\" style=\"background-color:#000000; opacity:0.7; \"><\/div><\/div>\n\t\t\t\t\n\t\t\t\t<div class=\"dslc-modules-section-wrapper dslc-clearfix\"><div class=\"dslc-modules-area dslc-col dslc-12-col dslc-last-col\" data-size=\"12\" data-valign=\"\">\n\t\t<div id=\"dslc-module-853afb0ced8\" class=\"dslc-module-front dslc-module-DSLC_Text_Simple dslc-in-viewport-check dslc-in-viewport-anim-none  dslc-col dslc-12-col dslc-last-col  dslc-module-handle-like-regular \" data-module-id=\"853afb0ced8\" data-module=\"DSLC_Text_Simple\" data-dslc-module-size=\"12\" data-dslc-anim=\"none\" data-dslc-anim-delay=\"\" data-dslc-anim-duration=\"650\"  data-dslc-anim-easing=\"ease\" data-dslc-preset=\"none\" >\n\n\t\t\t\n\t\t\t\n\t\t\r\n\t\t<div class=\"dslc-text-module-content\">\r\n\t\t\t<p>Exakt 88 Tage nach meinen Handgelenksbruch wagte ich beim Knorpelsch\u00e4nkenenduro in Feldschl\u00f6sschen einen ersten Test unter Rennbedingungen. Ohne gro\u00dfe Ambitionen ging ich das Rennen an. Denn wirklich fit war ich noch nicht, vor allem das Training auf dem Motorrad fehlt mir noch sehr.<\/p><p><br>Da ich an das Knorpelsch\u00e4nkenenduro aber gute Erinnerungen hatte, wollte ich auch dieses Jahr wieder dabei sein. Nach einem kurzen Fahrtest am Donnerstag stand einem Start beim Rennen auch nichts im Wege. Dank Grenzgaenger und S-Print konnte ich auch erstmals mit meiner neuen Grenzg\u00e4nger Gear sowie neuen Dekor ausr\u00fccken. <\/p>\t\t<\/div>\r\n\r\n\t\t\n\t\t\t\t<\/div><!-- .dslc-module -->\n\t\t<\/div><div class=\"dslc-modules-area dslc-col dslc-12-col dslc-last-col\" data-size=\"12\" data-valign=\"\">\n\t\t<div id=\"dslc-module-a0e1ab0974e\" class=\"dslc-module-front dslc-module-DSLC_Text_Simple dslc-in-viewport-check dslc-in-viewport-anim-none  dslc-col dslc-12-col dslc-last-col  dslc-module-handle-like-regular \" data-module-id=\"a0e1ab0974e\" data-module=\"DSLC_Text_Simple\" data-dslc-module-size=\"12\" data-dslc-anim=\"none\" data-dslc-anim-delay=\"\" data-dslc-anim-duration=\"650\"  data-dslc-anim-easing=\"ease\" data-dslc-preset=\"none\" >\n\n\t\t\t\n\t\t\t\n\t\t\r\n\t\t<div class=\"dslc-text-module-content\">\r\n\t\t\t<p>Das Knorpelsch\u00e4nkenenduro war in den letzten Jahren immer ein sch\u00f6nes Rennen. Auf einen kleinen Gel\u00e4nde wurde einen alles geboten. In diesem Jahr wurde erstmals f\u00fcr die Expertklasse ein kleiner Prolog ausgetragen. Eine sch\u00f6ne kurze Waldpr\u00fcfung wo ich den 13. Platz belegen konnte. Ich hatte etwas Schwierigkeiten, aus der kalten, nach so langer Zeit, richtig schnell zu fahren. Aber kleiner Wehrmutstropfen: Die Zeiten waren so eng, dass ich mit nur 1 Sekunde schneller gleich auf Platz 7 gelandet w\u00e4re.<\/p><p><a href=\"https:\/\/teucher-marcel.de\/wp-content\/uploads\/2019\/06\/KNO_3927.jpg\"><img width=\"1024\" height=\"710\" class=\"aligncenter size-large wp-image-6945\" alt=\"\" src=\"https:\/\/teucher-marcel.de\/wp-content\/uploads\/2019\/06\/KNO_3927-1024x710.jpg\"><\/a><\/p><p>Somit ging es bei unglaublicher schw\u00fclen Hitze aus der zweiten Reihe ins Rennen. Einige neue Abschnitte und ein schwerer Trialparcour machten die Veranstaltung zum h\u00e4rtesten Knorpelsch\u00e4nkenenduro \u00fcberhaupt.<br>In der ersten Runde hatte ich leider gleich ein Technisches Problem. Ich schickte Moritz zum Sprinter um das Problem in der n\u00e4chsten Runde l\u00f6sen zu k\u00f6nnen. Da das Rennen aber nur zum Test geplant war, blieb ich cool und rollte gem\u00fctlich weiter bis wir das Problem l\u00f6sten.<\/p><p>Dennoch hatte ich \u00fcber die 2h Renndistanz durchweg einen Puls im \u201eroten Bereich\u201c. Es war k\u00f6rperlich ein wirklich sehr schweres Rennen, was definitiv dem Wetter geschuldet war. <br>Am Ende belegte ich Platz 13 in einem starken Feld, dies ist allerdings zweitrangig. Was jetzt z\u00e4hlt ist bis zum n\u00e4chsten Lauf der HardEnduroSeries Germany wieder komplett fit werden und ohne Schmerzen fahren zu k\u00f6nnen.<\/p><p>Sportliche Gr\u00fc\u00dfe, Euer Marcel #25<\/p><p><a href=\"https:\/\/teucher-marcel.de\/wp-content\/uploads\/2019\/06\/KNO_4427.jpg\"><img width=\"1024\" height=\"683\" class=\"aligncenter size-large wp-image-6948\" alt=\"\" src=\"https:\/\/teucher-marcel.de\/wp-content\/uploads\/2019\/06\/KNO_4427-1024x683.jpg\"><\/a><\/p>\t\t<\/div>\r\n\r\n\t\t\n\t\t\t\t<\/div><!-- .dslc-module -->\n\t\t<\/div><\/div><\/div><\/div><input type=\"hidden\" id=\"dslca-post-data-thumb\" value=\"https:\/\/teucher-marcel.de\/wp-content\/uploads\/2019\/06\/KNO_4418.jpg\" \/>","protected":false},"excerpt":{"rendered":"<p>H\u00e4rtestes Knorpelsch\u00e4nkenenduro ever\u2026 Exakt 88 Tage nach meinen Handgelenksbruch wagte ich beim Knorpelsch\u00e4nkenenduro in Feldschl\u00f6sschen einen ersten Test unter Rennbedingungen. Ohne gro\u00dfe Ambitionen ging ich das Rennen an. Denn wirklich fit war ich noch nicht, vor allem das Training auf dem Motorrad fehlt mir noch sehr.Da ich an das Knorpelsch\u00e4nkenenduro aber gute Erinnerungen hatte, wollte [&hellip;]<\/p>\n","protected":false},"author":1,"featured_media":6950,"comment_status":"closed","ping_status":"open","sticky":false,"template":"","format":"standard","meta":{"ngg_post_thumbnail":0,"footnotes":"","_links_to":"","_links_to_target":""},"categories":[21],"tags":[],"class_list":["post-6949","post","type-post","status-publish","format-standard","has-post-thumbnail","hentry","category-news-2019"],"_links":{"self":[{"href":"https:\/\/teucher-marcel.de\/index.php?rest_route=\/wp\/v2\/posts\/6949","targetHints":{"allow":["GET"]}}],"collection":[{"href":"https:\/\/teucher-marcel.de\/index.php?rest_route=\/wp\/v2\/posts"}],"about":[{"href":"https:\/\/teucher-marcel.de\/index.php?rest_route=\/wp\/v2\/types\/post"}],"author":[{"embeddable":true,"href":"https:\/\/teucher-marcel.de\/index.php?rest_route=\/wp\/v2\/users\/1"}],"replies":[{"embeddable":true,"href":"https:\/\/teucher-marcel.de\/index.php?rest_route=%2Fwp%2Fv2%2Fcomments&post=6949"}],"version-history":[{"count":1,"href":"https:\/\/teucher-marcel.de\/index.php?rest_route=\/wp\/v2\/posts\/6949\/revisions"}],"predecessor-version":[{"id":6951,"href":"https:\/\/teucher-marcel.de\/index.php?rest_route=\/wp\/v2\/posts\/6949\/revisions\/6951"}],"wp:featuredmedia":[{"embeddable":true,"href":"https:\/\/teucher-marcel.de\/index.php?rest_route=\/wp\/v2\/media\/6950"}],"wp:attachment":[{"href":"https:\/\/teucher-marcel.de\/index.php?rest_route=%2Fwp%2Fv2%2Fmedia&parent=6949"}],"wp:term":[{"taxonomy":"category","embeddable":true,"href":"https:\/\/teucher-marcel.de\/index.php?rest_route=%2Fwp%2Fv2%2Fcategories&post=6949"},{"taxonomy":"post_tag","embeddable":true,"href":"https:\/\/teucher-marcel.de\/index.php?rest_route=%2Fwp%2Fv2%2Ftags&post=6949"}],"curies":[{"name":"wp","href":"https:\/\/api.w.org\/{rel}","templated":true}]}}