{"id":6958,"date":"2019-09-04T18:44:20","date_gmt":"2019-09-04T18:44:20","guid":{"rendered":"https:\/\/teucher-marcel.de\/?p=6958"},"modified":"2019-09-04T18:44:20","modified_gmt":"2019-09-04T18:44:20","slug":"zurueck-in-der-hardenduroseries-germany","status":"publish","type":"post","link":"https:\/\/teucher-marcel.de\/?p=6958","title":{"rendered":"Zur\u00fcck in der HardEnduroSeries Germany"},"content":{"rendered":"<div id=\"dslc-main\">\n\t\t<div  class=\"dslc-modules-section \" style=\"padding-bottom:19px;padding-top:19px;\" data-section-id=\"cbc8d31c505\">\n\t\t\t\t\n\t\t\t\t\n\t\t\t\t<div class=\"dslc-modules-section-wrapper dslc-clearfix\"><div class=\"dslc-modules-area dslc-col dslc-12-col dslc-last-col\" data-size=\"12\" data-valign=\"\">\n\t\t<div id=\"dslc-module-61819d622ac\" class=\"dslc-module-front dslc-module-DSLC_TP_Title dslc-in-viewport-check dslc-in-viewport-anim-none  dslc-col dslc-12-col dslc-last-col  dslc-module-handle-like-regular \" data-module-id=\"61819d622ac\" data-module=\"DSLC_TP_Title\" data-dslc-module-size=\"12\" data-dslc-anim=\"none\" data-dslc-anim-delay=\"\" data-dslc-anim-duration=\"650\"  data-dslc-anim-easing=\"ease\" data-dslc-preset=\"none\" >\n\n\t\t\t\n\t\t\t\n\t\t\r\n\t\t\t\t<div class=\"dslc-tp-title\"><h1>Zur\u00fcck in der HardEnduroSeries Germany<\/h1><\/div>\r\n\r\n\t\t\t\n\t\t\t\t<\/div><!-- .dslc-module -->\n\t\t<\/div><\/div><\/div>\n\t\t<div  class=\"dslc-modules-section \" style=\"background-color:rgb(0, 0, 0);background-image:url(https:\/\/teucher-marcel.de\/wp-content\/uploads\/2019\/09\/VLN_6547.jpg);background-image:url(https:\/\/teucher-marcel.de\/wp-content\/uploads\/2019\/09\/DSC_0469.jpg);background-repeat:no-repeat;background-position:center bottom;background-size:cover;\" data-section-id=\"b3e3e35d119\">\n\t\t\t\t<div class=\"dslc-bg-video dslc-force-show\"><div class=\"dslc-bg-video-overlay\" style=\"background-color:#000000; opacity:0.7; \"><\/div><\/div>\n\t\t\t\t\n\t\t\t\t<div class=\"dslc-modules-section-wrapper dslc-clearfix\"><div class=\"dslc-modules-area dslc-col dslc-12-col dslc-last-col\" data-size=\"12\" data-valign=\"\">\n\t\t<div id=\"dslc-module-fb2186b8ee7\" class=\"dslc-module-front dslc-module-DSLC_Text_Simple dslc-in-viewport-check dslc-in-viewport-anim-none  dslc-col dslc-12-col dslc-last-col  dslc-module-handle-like-regular \" data-module-id=\"fb2186b8ee7\" data-module=\"DSLC_Text_Simple\" data-dslc-module-size=\"12\" data-dslc-anim=\"none\" data-dslc-anim-delay=\"\" data-dslc-anim-duration=\"650\"  data-dslc-anim-easing=\"ease\" data-dslc-preset=\"none\" >\n\n\t\t\t\n\t\t\t\n\t\t\r\n\t\t<div class=\"dslc-text-module-content\">\r\n\t\t\tDen Lauf im Norden beim Mc Vellahn musste ich leider Erk\u00e4ltungsbedingt auslassen. Nur zwei Wochen sp\u00e4ter stand der n\u00e4chste Lauf mit dem ESX auf dem Plan der HESG, noch nicht 100 % bei Kr\u00e4ften ging ich trotzdem an den Start. Man hatte reichlich Zeit parallel zum G\u00e4stelauf eine Runde auf Zeit zu fahren, um sich f\u00fcr die Startaufstellung einen Platz zu sichern. Mit Platz 4 und einer f\u00fcr mich tollen Zeit, war ich ganz gut motiviert. Es war ein Rennen vom Staub gepr\u00e4gt und Muskelkr\u00e4mpfen die ich so lange nicht hatte :D . Die 3h Renndistanz bei der Hitze, mit den unz\u00e4hligen Hindernissen im Wald und auf dem Stoppelacker, zwangen mich an meine k\u00f6rperlichen Grenzen zu gehen. Es war gegen Rennende eine mentale Schlacht f\u00fcr mich, trotz krassen Kr\u00e4mpfen und brutal offenen Blasen an den H\u00e4nden, weiter zu fahren und das Rennen zu beenden. Am Ende wurde ich 20. und war heil froh das Bike einzuladen und einen chilligen Sonntag in Aussicht zu haben.\t\t<\/div>\r\n\r\n\t\t\n\t\t\t\t<\/div><!-- .dslc-module -->\n\t\t\n\t\t<div id=\"dslc-module-57c7a326f97\" class=\"dslc-module-front dslc-module-DSLC_Image dslc-in-viewport-check dslc-in-viewport-anim-none  dslc-col dslc-12-col dslc-last-col  dslc-module-handle-like-regular \" data-module-id=\"57c7a326f97\" data-module=\"DSLC_Image\" data-dslc-module-size=\"12\" data-dslc-anim=\"none\" data-dslc-anim-delay=\"\" data-dslc-anim-duration=\"650\"  data-dslc-anim-easing=\"ease\" data-dslc-preset=\"none\" >\n\n\t\t\t\n\t\t\t\n\t\t\t\t<div class=\"dslc-image-container\">\r\n\t\t<div class=\"dslc-image\">\r\n\r\n\t\t\t\r\n\t\t\t\t\r\n\t\t\t\t\t\t\t\t\t<img src=\"https:\/\/teucher-marcel.de\/wp-content\/uploads\/2019\/09\/DSC_0104.jpg\" alt=\"\" title=\"\" srcset=\"https:\/\/teucher-marcel.de\/wp-content\/uploads\/2019\/09\/DSC_0104.jpg 6016w, https:\/\/teucher-marcel.de\/wp-content\/uploads\/2019\/09\/DSC_0104-300x199.jpg 300w, https:\/\/teucher-marcel.de\/wp-content\/uploads\/2019\/09\/DSC_0104-768x511.jpg 768w, https:\/\/teucher-marcel.de\/wp-content\/uploads\/2019\/09\/DSC_0104-1024x681.jpg 1024w\" sizes=\"(max-width: 6016px) 100vw, 6016px\" \/>\r\n\t\t\t\t\r\n\t\t\t\t\t\t\t\t\t<\/div><!-- .dslc-image -->\r\n\t\t<\/div>\r\n\t\t\n\t\t\t\t<\/div><!-- .dslc-module -->\n\t\t<\/div><div class=\"dslc-modules-area dslc-col dslc-12-col dslc-last-col\" data-size=\"12\" data-valign=\"\">\n\t\t<div id=\"dslc-module-099443e094d\" class=\"dslc-module-front dslc-module-DSLC_Text_Simple dslc-in-viewport-check dslc-in-viewport-anim-none  dslc-col dslc-12-col dslc-last-col  dslc-module-handle-like-regular \" data-module-id=\"099443e094d\" data-module=\"DSLC_Text_Simple\" data-dslc-module-size=\"12\" data-dslc-anim=\"none\" data-dslc-anim-delay=\"\" data-dslc-anim-duration=\"650\"  data-dslc-anim-easing=\"ease\" data-dslc-preset=\"none\" >\n\n\t\t\t\n\t\t\t\n\t\t\r\n\t\t<div class=\"dslc-text-module-content\">\r\n\t\t\tNur Eine Woche sp\u00e4ter folgte das Weinberg Extrem. Dieser HESG-Lauf war voll und ganz nach meinem Geschmack. Vor allem die Finale Strecke war ultra geil. Ganz dickes Lob an den Veranstalter f\u00fcr das Rennen. Im Prolog fuhr ich die 9. Zeit was mich ins erste Gruppenrennen brachte, welches ich ganz locker durch fuhr ohne gro\u00df zu pushen um Kr\u00e4fte zu sparen. So landete ich auf Platz 6.\t\t<\/div>\r\n\r\n\t\t\n\t\t\t\t<\/div><!-- .dslc-module -->\n\t\t\n\t\t<div id=\"dslc-module-66caecd18df\" class=\"dslc-module-front dslc-module-DSLC_Image dslc-in-viewport-check dslc-in-viewport-anim-none  dslc-col dslc-12-col dslc-last-col  dslc-module-handle-like-regular \" data-module-id=\"66caecd18df\" data-module=\"DSLC_Image\" data-dslc-module-size=\"12\" data-dslc-anim=\"none\" data-dslc-anim-delay=\"\" data-dslc-anim-duration=\"650\"  data-dslc-anim-easing=\"ease\" data-dslc-preset=\"none\" >\n\n\t\t\t\n\t\t\t\n\t\t\t\t<div class=\"dslc-image-container\">\r\n\t\t<div class=\"dslc-image\">\r\n\r\n\t\t\t\r\n\t\t\t\t\r\n\t\t\t\t\t\t\t\t\t<img src=\"https:\/\/teucher-marcel.de\/wp-content\/uploads\/2019\/09\/VLN_6547.jpg\" alt=\"\" title=\"\" srcset=\"https:\/\/teucher-marcel.de\/wp-content\/uploads\/2019\/09\/VLN_6547.jpg 5472w, https:\/\/teucher-marcel.de\/wp-content\/uploads\/2019\/09\/VLN_6547-300x200.jpg 300w, https:\/\/teucher-marcel.de\/wp-content\/uploads\/2019\/09\/VLN_6547-768x512.jpg 768w, https:\/\/teucher-marcel.de\/wp-content\/uploads\/2019\/09\/VLN_6547-1024x683.jpg 1024w\" sizes=\"(max-width: 5472px) 100vw, 5472px\" \/>\r\n\t\t\t\t\r\n\t\t\t\t\t\t\t\t\t<\/div><!-- .dslc-image -->\r\n\t\t<\/div>\r\n\t\t\n\t\t\t\t<\/div><!-- .dslc-module -->\n\t\t\n\t\t<div id=\"dslc-module-pf8scctjb2o\" class=\"dslc-module-front dslc-module-DSLC_Text_Simple dslc-in-viewport-check dslc-in-viewport-anim-none  dslc-col dslc-12-col dslc-last-col  dslc-module-handle-like-regular \" data-module-id=\"pf8scctjb2o\" data-module=\"DSLC_Text_Simple\" data-dslc-module-size=\"12\" data-dslc-anim=\"none\" data-dslc-anim-delay=\"\" data-dslc-anim-duration=\"650\"  data-dslc-anim-easing=\"ease\" data-dslc-preset=\"none\" >\n\n\t\t\t\n\t\t\t\n\t\t\r\n\t\t<div class=\"dslc-text-module-content\">\r\n\t\t\tDas Finale wurde auf einer versch\u00e4rften Runde ausgetragen. Gleich zu Beginn war ich etwas zu hektisch und st\u00fcrzte. Danach standen wir im Stau :D\u2026 Ein paar Schusselfehler kosteten einige Platzierungen. Doch ich machte mir keine hektig mehr und genoss einfach jeden Berg und jede Abfahrt. Die letzten 3 Runden war dann kaum noch Verkehr und ich konnte nochmal pushen und wieder auf Platz 10 vorfahren. Rundum ein gelungenes Rennen f\u00fcr mich. Weiter geht\u2019s schon f\u00fcr mich diese Woche zur East Enduro Challenge und mit dem HESG Lauf Melz Exdr\u00e4hm.\t\t<\/div>\r\n\r\n\t\t\n\t\t\t\t<\/div><!-- .dslc-module -->\n\t\t<\/div><\/div><\/div><\/div><input type=\"hidden\" id=\"dslca-post-data-thumb\" value=\"https:\/\/teucher-marcel.de\/wp-content\/uploads\/2019\/09\/VLN_6547.jpg\" \/>","protected":false},"excerpt":{"rendered":"<p>Zur\u00fcck in der HardEnduroSeries Germany Den Lauf im Norden beim Mc Vellahn musste ich leider Erk\u00e4ltungsbedingt auslassen. Nur zwei Wochen sp\u00e4ter stand der n\u00e4chste Lauf mit dem ESX auf dem Plan der HESG, noch nicht 100 % bei Kr\u00e4ften ging ich trotzdem an den Start. Man hatte reichlich Zeit parallel zum G\u00e4stelauf eine Runde auf [&hellip;]<\/p>\n","protected":false},"author":1,"featured_media":6956,"comment_status":"closed","ping_status":"open","sticky":false,"template":"","format":"standard","meta":{"ngg_post_thumbnail":0,"footnotes":"","_links_to":"","_links_to_target":""},"categories":[21],"tags":[],"class_list":["post-6958","post","type-post","status-publish","format-standard","has-post-thumbnail","hentry","category-news-2019"],"_links":{"self":[{"href":"https:\/\/teucher-marcel.de\/index.php?rest_route=\/wp\/v2\/posts\/6958","targetHints":{"allow":["GET"]}}],"collection":[{"href":"https:\/\/teucher-marcel.de\/index.php?rest_route=\/wp\/v2\/posts"}],"about":[{"href":"https:\/\/teucher-marcel.de\/index.php?rest_route=\/wp\/v2\/types\/post"}],"author":[{"embeddable":true,"href":"https:\/\/teucher-marcel.de\/index.php?rest_route=\/wp\/v2\/users\/1"}],"replies":[{"embeddable":true,"href":"https:\/\/teucher-marcel.de\/index.php?rest_route=%2Fwp%2Fv2%2Fcomments&post=6958"}],"version-history":[{"count":1,"href":"https:\/\/teucher-marcel.de\/index.php?rest_route=\/wp\/v2\/posts\/6958\/revisions"}],"predecessor-version":[{"id":6959,"href":"https:\/\/teucher-marcel.de\/index.php?rest_route=\/wp\/v2\/posts\/6958\/revisions\/6959"}],"wp:featuredmedia":[{"embeddable":true,"href":"https:\/\/teucher-marcel.de\/index.php?rest_route=\/wp\/v2\/media\/6956"}],"wp:attachment":[{"href":"https:\/\/teucher-marcel.de\/index.php?rest_route=%2Fwp%2Fv2%2Fmedia&parent=6958"}],"wp:term":[{"taxonomy":"category","embeddable":true,"href":"https:\/\/teucher-marcel.de\/index.php?rest_route=%2Fwp%2Fv2%2Fcategories&post=6958"},{"taxonomy":"post_tag","embeddable":true,"href":"https:\/\/teucher-marcel.de\/index.php?rest_route=%2Fwp%2Fv2%2Ftags&post=6958"}],"curies":[{"name":"wp","href":"https:\/\/api.w.org\/{rel}","templated":true}]}}