{"id":7078,"date":"2020-06-18T15:52:09","date_gmt":"2020-06-18T15:52:09","guid":{"rendered":"https:\/\/teucher-marcel.de\/?p=7078"},"modified":"2020-06-18T16:01:39","modified_gmt":"2020-06-18T16:01:39","slug":"endlich-geht-es-in-tschechien-los","status":"publish","type":"post","link":"https:\/\/teucher-marcel.de\/?p=7078","title":{"rendered":"Endlich geht es in Tschechien los"},"content":{"rendered":"<div id=\"dslc-main\">\n\t\t<div  class=\"dslc-modules-section \" style=\"padding-bottom:19px;padding-top:19px;\" data-section-id=\"b46fbb48de2\">\n\t\t\t\t\n\t\t\t\t\n\t\t\t\t<div class=\"dslc-modules-section-wrapper dslc-clearfix\"><div class=\"dslc-modules-area dslc-col dslc-12-col dslc-last-col\" data-size=\"12\" data-valign=\"\">\n\t\t<div id=\"dslc-module-3fc96fda5ec\" class=\"dslc-module-front dslc-module-DSLC_TP_Title dslc-in-viewport-check dslc-in-viewport-anim-none  dslc-col dslc-12-col dslc-last-col  dslc-module-handle-like-regular \" data-module-id=\"3fc96fda5ec\" data-module=\"DSLC_TP_Title\" data-dslc-module-size=\"12\" data-dslc-anim=\"none\" data-dslc-anim-delay=\"\" data-dslc-anim-duration=\"650\"  data-dslc-anim-easing=\"ease\" data-dslc-preset=\"none\" >\n\n\t\t\t\n\t\t\t\n\t\t\r\n\t\t\t\t<div class=\"dslc-tp-title\"><h1>Endlich geht es in Tschechien los<\/h1><\/div>\r\n\r\n\t\t\t\n\t\t\t\t<\/div><!-- .dslc-module -->\n\t\t<\/div><\/div><\/div>\n\t\t<div  class=\"dslc-modules-section \" style=\"background-color:rgb(0, 0, 0);background-image:url(https:\/\/teucher-marcel.de\/wp-content\/uploads\/2020\/06\/EXHA9594-1.jpg);background-image:url(https:\/\/teucher-marcel.de\/wp-content\/uploads\/2020\/06\/EXHA9565.jpg);background-repeat:no-repeat;background-position:center bottom;background-size:cover;\" data-section-id=\"d61cd6fcf9d\">\n\t\t\t\t<div class=\"dslc-bg-video dslc-force-show\"><div class=\"dslc-bg-video-overlay\" style=\"background-color:#000000; opacity:0.7; \"><\/div><\/div>\n\t\t\t\t\n\t\t\t\t<div class=\"dslc-modules-section-wrapper dslc-clearfix\"><div class=\"dslc-modules-area dslc-col dslc-12-col dslc-last-col\" data-size=\"12\" data-valign=\"\">\n\t\t<div id=\"dslc-module-ee020b6bc1b\" class=\"dslc-module-front dslc-module-DSLC_Text_Simple dslc-in-viewport-check dslc-in-viewport-anim-none  dslc-col dslc-12-col dslc-last-col  dslc-module-handle-like-regular \" data-module-id=\"ee020b6bc1b\" data-module=\"DSLC_Text_Simple\" data-dslc-module-size=\"12\" data-dslc-anim=\"none\" data-dslc-anim-delay=\"\" data-dslc-anim-duration=\"650\"  data-dslc-anim-easing=\"ease\" data-dslc-preset=\"none\" >\n\n\t\t\t\n\t\t\t\n\t\t\r\n\t\t<div class=\"dslc-text-module-content\">\r\n\t\t\t<p>Durch die Corona Krise musste ich in den letzten Monaten viel umplanen und anders gestalten als es geplant war. Bereits in Budapest wurde spekuliert, dass uns das Corona Virus in Europa bald erwischt. Geglaubt hatte das bis Dato keiner. Nur einen Monat sp\u00e4ter war es mit der Absage des Superenduro Laufes in Lodz \/ Polen wirklich so weit.<\/p><p>Dann ging alles ganz schnell und hier in Deutschland wurde ebenfalls alles abgesagt. So wie es aussieht ist an einem ordnungsgem\u00e4\u00dfen Rennbetrieb noch nicht zu denken. Ich glaube aber mit gewissen Regeln und Vorsichtsma\u00dfnahmen sollte es gerade im Endurosport eine L\u00f6sung geben. Wenn sich die Profifu\u00dfballer gegenseitig am Hemdchen ziehen d\u00fcrfen sollte das beim Enduro erst recht m\u00f6glich sein. Die Trainingsstrecken haben mittlerweile wieder ge\u00f6ffnet, allerdings ist ein Training ohne ein wirkliches Ziel worauf man hinarbeitet wirklich schwer. Nicht durch mangelnde Motivation, sondern um einen Trainingszyklus sinnvoll gestalten zu k\u00f6nnen.<\/p><p>In unseren Nachbarl\u00e4ndern hingegen geht die Saison mittlerweile los. Dies werde ich auch in den n\u00e4chsten Wochen verst\u00e4rkt nutzen.<\/p>\t\t<\/div>\r\n\r\n\t\t\n\t\t\t\t<\/div><!-- .dslc-module -->\n\t\t\n\t\t<div id=\"dslc-module-8bf19b7cc2e\" class=\"dslc-module-front dslc-module-DSLC_Image dslc-in-viewport-check dslc-in-viewport-anim-none  dslc-col dslc-12-col dslc-last-col  dslc-module-handle-like-regular \" data-module-id=\"8bf19b7cc2e\" data-module=\"DSLC_Image\" data-dslc-module-size=\"12\" data-dslc-anim=\"none\" data-dslc-anim-delay=\"\" data-dslc-anim-duration=\"650\"  data-dslc-anim-easing=\"ease\" data-dslc-preset=\"none\" >\n\n\t\t\t\n\t\t\t\n\t\t\t\t<div class=\"dslc-image-container\">\r\n\t\t<div class=\"dslc-image\">\r\n\r\n\t\t\t\r\n\t\t\t\t\r\n\t\t\t\t\t\t\t\t\t<img src=\"https:\/\/teucher-marcel.de\/wp-content\/uploads\/2020\/06\/EXHA9594.jpg\" alt=\"\" title=\"\" srcset=\"https:\/\/teucher-marcel.de\/wp-content\/uploads\/2020\/06\/EXHA9594.jpg 5472w, https:\/\/teucher-marcel.de\/wp-content\/uploads\/2020\/06\/EXHA9594-300x200.jpg 300w, https:\/\/teucher-marcel.de\/wp-content\/uploads\/2020\/06\/EXHA9594-768x512.jpg 768w, https:\/\/teucher-marcel.de\/wp-content\/uploads\/2020\/06\/EXHA9594-1024x683.jpg 1024w\" sizes=\"(max-width: 5472px) 100vw, 5472px\" \/>\r\n\t\t\t\t\r\n\t\t\t\t\t\t\t\t\t<\/div><!-- .dslc-image -->\r\n\t\t<\/div>\r\n\t\t\n\t\t\t\t<\/div><!-- .dslc-module -->\n\t\t\n\t\t<div id=\"dslc-module-2c5a4a12381\" class=\"dslc-module-front dslc-module-DSLC_Text_Simple dslc-in-viewport-check dslc-in-viewport-anim-none  dslc-col dslc-12-col dslc-last-col  dslc-module-handle-like-regular \" data-module-id=\"2c5a4a12381\" data-module=\"DSLC_Text_Simple\" data-dslc-module-size=\"12\" data-dslc-anim=\"none\" data-dslc-anim-delay=\"\" data-dslc-anim-duration=\"650\"  data-dslc-anim-easing=\"ease\" data-dslc-preset=\"none\" >\n\n\t\t\t\n\t\t\t\n\t\t\r\n\t\t<div class=\"dslc-text-module-content\">\r\n\t\t\t<p>Ich werde dazu etwas Neues probieren und bereits am 20.\/21.06. beim Endurosprint im Tschechischen Drmoul starten. Mir w\u00e4ren zwar Extremenduros lieber, aber dort bietet sich nun die M\u00f6glichkeit Rennen zu fahren und in die Saison zu starten. \u201eBack to the roots\u201c - denn in Drmoul werde ich in der Tschechischen Enduro Meisterschaft starten.<\/p><p>Tschechien hat seine Nationale Meisterschaft umgestaltet. Dort finden auf einem kleinern Gel\u00e4nde in Doppelveranstaltungen jeweils 2 Wertungsl\u00e4ufe statt. Ohne \u00dcberf\u00fchrungsetappen werden nur Sonderpr\u00fcfungen gefahren. Die bereits nach 3 Stunden Fahrzeit ein Ergebnis bringen. Dabei treffe ich zum Beispiel auch auf Patrik Markvart, mit dem ich fr\u00fcher bis 2012 in der Enduro Europameisterschaft unterwegs war. Sein Weg ist dann weiter in die Enduro WM gegangen und mich zog es bekannter Weise zum Extremenduro. Zwei komplett unterschiedliche Sportarten. Mal sehen wie ich mich noch gegen die Spezialisten im Sonderpr\u00fcfungen fahren schlagen kann.<\/p><p>Einen weiteren Start habe ich im Juli in \u00d6sterreich geplant. Auch dort kann die erste Veranstaltung durchgef\u00fchrt werden. In Nieder\u00f6sterreich findet der erste Lauf vom \u00d6sterreichischen Endurocup statt, dort geht es auch schon wieder mehr einen Schritt in Richtung Extremenduro. Denn im bergigen Gel\u00e4nde sind 8000 H\u00f6henmeter am Renntag zu bew\u00e4ltigen. Der \u00d6sterreichische Endurocup ist \u00fcbrigens auch weiterhin Partnerserie der MAXXIS HardEnduroSeries Germany. F\u00fcr die HESG steht am 27.06. ein Rideday in Hamma auf dem Programm. Dort werde ich auch mit dabei sein und den Hobbyfahrern einige Tipps und Tricks zeigen.<\/p><p>Also ich hoffe das alles wie geplant klappt und n\u00e4chste Woche der erste Rennbericht von mir zu lesen ist.<\/p><p>In diesem Sinne, stay on track, Euer Marcel<\/p><p>#FullForceForward<\/p>\t\t<\/div>\r\n\r\n\t\t\n\t\t\t\t<\/div><!-- .dslc-module -->\n\t\t<\/div><div class=\"dslc-modules-area dslc-col dslc-12-col dslc-last-col\" data-size=\"12\" data-valign=\"\">\n\t\t<div id=\"dslc-module-mcpls0sgu1\" class=\"dslc-module-front dslc-module-DSLC_Image dslc-in-viewport-check dslc-in-viewport-anim-none  dslc-col dslc-12-col dslc-last-col  dslc-module-handle-like-regular \" data-module-id=\"mcpls0sgu1\" data-module=\"DSLC_Image\" data-dslc-module-size=\"12\" data-dslc-anim=\"none\" data-dslc-anim-delay=\"\" data-dslc-anim-duration=\"650\"  data-dslc-anim-easing=\"ease\" data-dslc-preset=\"none\" >\n\n\t\t\t\n\t\t\t\n\t\t\t\t<div class=\"dslc-image-container\">\r\n\t\t<div class=\"dslc-image\">\r\n\r\n\t\t\t\r\n\t\t\t\t\r\n\t\t\t\t\t\t\t\t\t<img src=\"https:\/\/teucher-marcel.de\/wp-content\/uploads\/2020\/06\/EXHA9570.jpg\" alt=\"\" title=\"\" srcset=\"https:\/\/teucher-marcel.de\/wp-content\/uploads\/2020\/06\/EXHA9570.jpg 4585w, https:\/\/teucher-marcel.de\/wp-content\/uploads\/2020\/06\/EXHA9570-300x200.jpg 300w, https:\/\/teucher-marcel.de\/wp-content\/uploads\/2020\/06\/EXHA9570-768x512.jpg 768w, https:\/\/teucher-marcel.de\/wp-content\/uploads\/2020\/06\/EXHA9570-1024x683.jpg 1024w\" sizes=\"(max-width: 4585px) 100vw, 4585px\" \/>\r\n\t\t\t\t\r\n\t\t\t\t\t\t\t\t\t<\/div><!-- .dslc-image -->\r\n\t\t<\/div>\r\n\t\t\n\t\t\t\t<\/div><!-- .dslc-module -->\n\t\t<\/div><\/div><\/div><\/div><input type=\"hidden\" id=\"dslca-post-data-thumb\" value=\"https:\/\/teucher-marcel.de\/wp-content\/uploads\/2020\/06\/EXHA9594-1.jpg\" \/>","protected":false},"excerpt":{"rendered":"<p>Endlich geht es in Tschechien los Durch die Corona Krise musste ich in den letzten Monaten viel umplanen und anders gestalten als es geplant war. Bereits in Budapest wurde spekuliert, dass uns das Corona Virus in Europa bald erwischt. Geglaubt hatte das bis Dato keiner. Nur einen Monat sp\u00e4ter war es mit der Absage des [&hellip;]<\/p>\n","protected":false},"author":1,"featured_media":7083,"comment_status":"closed","ping_status":"open","sticky":false,"template":"","format":"standard","meta":{"ngg_post_thumbnail":0,"footnotes":"","_links_to":"","_links_to_target":""},"categories":[22],"tags":[],"class_list":["post-7078","post","type-post","status-publish","format-standard","has-post-thumbnail","hentry","category-news-2020"],"_links":{"self":[{"href":"https:\/\/teucher-marcel.de\/index.php?rest_route=\/wp\/v2\/posts\/7078","targetHints":{"allow":["GET"]}}],"collection":[{"href":"https:\/\/teucher-marcel.de\/index.php?rest_route=\/wp\/v2\/posts"}],"about":[{"href":"https:\/\/teucher-marcel.de\/index.php?rest_route=\/wp\/v2\/types\/post"}],"author":[{"embeddable":true,"href":"https:\/\/teucher-marcel.de\/index.php?rest_route=\/wp\/v2\/users\/1"}],"replies":[{"embeddable":true,"href":"https:\/\/teucher-marcel.de\/index.php?rest_route=%2Fwp%2Fv2%2Fcomments&post=7078"}],"version-history":[{"count":1,"href":"https:\/\/teucher-marcel.de\/index.php?rest_route=\/wp\/v2\/posts\/7078\/revisions"}],"predecessor-version":[{"id":7079,"href":"https:\/\/teucher-marcel.de\/index.php?rest_route=\/wp\/v2\/posts\/7078\/revisions\/7079"}],"wp:featuredmedia":[{"embeddable":true,"href":"https:\/\/teucher-marcel.de\/index.php?rest_route=\/wp\/v2\/media\/7083"}],"wp:attachment":[{"href":"https:\/\/teucher-marcel.de\/index.php?rest_route=%2Fwp%2Fv2%2Fmedia&parent=7078"}],"wp:term":[{"taxonomy":"category","embeddable":true,"href":"https:\/\/teucher-marcel.de\/index.php?rest_route=%2Fwp%2Fv2%2Fcategories&post=7078"},{"taxonomy":"post_tag","embeddable":true,"href":"https:\/\/teucher-marcel.de\/index.php?rest_route=%2Fwp%2Fv2%2Ftags&post=7078"}],"curies":[{"name":"wp","href":"https:\/\/api.w.org\/{rel}","templated":true}]}}