{"id":7088,"date":"2020-06-25T13:21:00","date_gmt":"2020-06-25T13:21:00","guid":{"rendered":"https:\/\/teucher-marcel.de\/?p=7088"},"modified":"2020-06-25T13:21:00","modified_gmt":"2020-06-25T13:21:00","slug":"zufrieden-mit-dem-auftakt-in-tschechien","status":"publish","type":"post","link":"https:\/\/teucher-marcel.de\/?p=7088","title":{"rendered":"Zufrieden mit dem Auftakt in Tschechien"},"content":{"rendered":"<div id=\"dslc-main\">\n\t\t<div  class=\"dslc-modules-section \" style=\"padding-bottom:19px;padding-top:19px;\" data-section-id=\"c4395750030\">\n\t\t\t\t\n\t\t\t\t\n\t\t\t\t<div class=\"dslc-modules-section-wrapper dslc-clearfix\"><div class=\"dslc-modules-area dslc-col dslc-12-col dslc-last-col\" data-size=\"12\" data-valign=\"\">\n\t\t<div id=\"dslc-module-b3b66bcadbd\" class=\"dslc-module-front dslc-module-DSLC_TP_Title dslc-in-viewport-check dslc-in-viewport-anim-none  dslc-col dslc-12-col dslc-last-col  dslc-module-handle-like-regular \" data-module-id=\"b3b66bcadbd\" data-module=\"DSLC_TP_Title\" data-dslc-module-size=\"12\" data-dslc-anim=\"none\" data-dslc-anim-delay=\"\" data-dslc-anim-duration=\"650\"  data-dslc-anim-easing=\"ease\" data-dslc-preset=\"none\" >\n\n\t\t\t\n\t\t\t\n\t\t\r\n\t\t\t\t<div class=\"dslc-tp-title\"><h1>Zufrieden mit dem Auftakt in Tschechien<\/h1><\/div>\r\n\r\n\t\t\t\n\t\t\t\t<\/div><!-- .dslc-module -->\n\t\t<\/div><\/div><\/div>\n\t\t<div  class=\"dslc-modules-section \" style=\"background-color:rgb(0, 0, 0);background-image:url(https:\/\/teucher-marcel.de\/wp-content\/uploads\/2020\/06\/CZM_1360.jpg);background-image:url(https:\/\/teucher-marcel.de\/wp-content\/uploads\/2020\/06\/CZM_1360.jpg);background-repeat:no-repeat;background-position:center bottom;background-size:cover;\" data-section-id=\"ae6dbddbdc3\">\n\t\t\t\t<div class=\"dslc-bg-video dslc-force-show\"><div class=\"dslc-bg-video-overlay\" style=\"background-color:#000000; opacity:0.7; \"><\/div><\/div>\n\t\t\t\t\n\t\t\t\t<div class=\"dslc-modules-section-wrapper dslc-clearfix\"><div class=\"dslc-modules-area dslc-col dslc-12-col dslc-last-col\" data-size=\"12\" data-valign=\"\">\n\t\t<div id=\"dslc-module-55adb03713c\" class=\"dslc-module-front dslc-module-DSLC_Text_Simple dslc-in-viewport-check dslc-in-viewport-anim-none  dslc-col dslc-12-col dslc-last-col  dslc-module-handle-like-regular \" data-module-id=\"55adb03713c\" data-module=\"DSLC_Text_Simple\" data-dslc-module-size=\"12\" data-dslc-anim=\"none\" data-dslc-anim-delay=\"\" data-dslc-anim-duration=\"650\"  data-dslc-anim-easing=\"ease\" data-dslc-preset=\"none\" >\n\n\t\t\t\n\t\t\t\n\t\t\r\n\t\t<div class=\"dslc-text-module-content\">\r\n\t\t\t<p>Nach knapp f\u00fcnf Monaten ging es am letzten Wochenende endlich wieder zu einer Veranstaltung. Ich bin froh, dass zumindest in Tschechien aktuell wieder alles seinen Gang geht, auch wenn es f\u00fcr mich zu einem \u201eklassischen\u201c Endurolauf ging.<\/p><p>Denis war bereits zum Auftakt der Meisterschaft und hatte mich auf die Idee gebracht, beim zweiten Lauf zu starten. Nach der Anmeldung und ein paar Telefonaten waren auch die letzten Zweifel ausger\u00e4umt.<\/p>\t\t<\/div>\r\n\r\n\t\t\n\t\t\t\t<\/div><!-- .dslc-module -->\n\t\t\n\t\t<div id=\"dslc-module-671e2dcd490\" class=\"dslc-module-front dslc-module-DSLC_Image dslc-in-viewport-check dslc-in-viewport-anim-none  dslc-col dslc-12-col dslc-last-col  dslc-module-handle-like-regular \" data-module-id=\"671e2dcd490\" data-module=\"DSLC_Image\" data-dslc-module-size=\"12\" data-dslc-anim=\"none\" data-dslc-anim-delay=\"\" data-dslc-anim-duration=\"650\"  data-dslc-anim-easing=\"ease\" data-dslc-preset=\"none\" >\n\n\t\t\t\n\t\t\t\n\t\t\t\t<div class=\"dslc-image-container\">\r\n\t\t<div class=\"dslc-image\">\r\n\r\n\t\t\t\r\n\t\t\t\t\r\n\t\t\t\t\t\t\t\t\t<img src=\"https:\/\/teucher-marcel.de\/wp-content\/uploads\/2020\/06\/CZM_2491.jpg\" alt=\"\" title=\"\" srcset=\"https:\/\/teucher-marcel.de\/wp-content\/uploads\/2020\/06\/CZM_2491.jpg 1200w, https:\/\/teucher-marcel.de\/wp-content\/uploads\/2020\/06\/CZM_2491-300x200.jpg 300w, https:\/\/teucher-marcel.de\/wp-content\/uploads\/2020\/06\/CZM_2491-768x512.jpg 768w, https:\/\/teucher-marcel.de\/wp-content\/uploads\/2020\/06\/CZM_2491-1024x683.jpg 1024w\" sizes=\"(max-width: 1200px) 100vw, 1200px\" \/>\r\n\t\t\t\t\r\n\t\t\t\t\t\t\t\t\t<\/div><!-- .dslc-image -->\r\n\t\t<\/div>\r\n\t\t\n\t\t\t\t<\/div><!-- .dslc-module -->\n\t\t\n\t\t<div id=\"dslc-module-51d1e75e99b\" class=\"dslc-module-front dslc-module-DSLC_Text_Simple dslc-in-viewport-check dslc-in-viewport-anim-none  dslc-col dslc-12-col dslc-last-col  dslc-module-handle-like-regular \" data-module-id=\"51d1e75e99b\" data-module=\"DSLC_Text_Simple\" data-dslc-module-size=\"12\" data-dslc-anim=\"none\" data-dslc-anim-delay=\"\" data-dslc-anim-duration=\"650\"  data-dslc-anim-easing=\"ease\" data-dslc-preset=\"none\" >\n\n\t\t\t\n\t\t\t\n\t\t\r\n\t\t<div class=\"dslc-text-module-content\">\r\n\t\t\t<p>Der Verein der Stadt Drmoul, welche unweit der Bayrischen Grenze liegt, hat sich im Vorfeld gro\u00dfe M\u00fche gegeben. Der Endurotest war mit \u00fcber 14 Minuten sehr lang - sowas sucht man in Deutschland vergebens. Auch das Gel\u00e4nde sah nach viel Fahrspa\u00df aus. Leider regnete es in der Nacht zum Samstag so kr\u00e4ftig, dass die gut abgetrocknete Strecke sich ziemlich schlammig pr\u00e4sentierte. Im Nachgang betrachtet, kam mir das aber sogar entgegen. Dadurch war die Strecke viel technischer, und schwerer zu fahren. Lange Zeit lag ich auf Platz 4 in der E3. Ein heftiger Sturz, der zum Gl\u00fcck ziemlich glimpflich ausging, warf mich auf Platz 5 zur\u00fcck. Dennoch konnte ich zufrieden sein, denn bekannterwei\u00dfe bin ich ja schon lange kein Enduro mit Sonderpr\u00fcfungen mehr gefahren.<\/p><p>Am Sonntag wurden dann einige l\u00e4ngere Passagen aus der Strecke herausgenommen. Auch der Boden war wieder ziemlich abgetrocknet und sehr schnell geworden. Auf den Highspeedpassagen f\u00fchlte ich mich, sagen wir mal so, eher unwohl. Diesmal konnte ich auf Platz 7 fahren, verbesserte aber trotz \u201eschlechterem\u201c Ergebnis den R\u00fcckstand zum Podium, im Vergleich zum Vortag.<\/p><p>Kennt jemand von euch das Gef\u00fchl, wenn auf l\u00e4ngeren Test\u00b4s der Kupplungsfinger taub wird? Hatte das so noch nie, vllt kennt Ihr euch damit aus\u2026 Textet mir gern via Insta \ud83d\ude0a W\u00fcrde mich interessieren was das ist und ob ihr eine L\u00f6sung habt. Das hat mich den ganzen Sonntag gestresst. Die letzten 3 Minuten im Test musste ich sogar auf den Mittelfinger wechseln\u2026 Das brachte mich immer etwas aus dem Rhythmus und vermasselte mir auch das Ergebnis.<\/p>\t\t<\/div>\r\n\r\n\t\t\n\t\t\t\t<\/div><!-- .dslc-module -->\n\t\t\n\t\t<div id=\"dslc-module-3tsusa7jh5g\" class=\"dslc-module-front dslc-module-DSLC_Text_Simple dslc-in-viewport-check dslc-in-viewport-anim-none  dslc-col dslc-12-col dslc-last-col  dslc-module-handle-like-regular \" data-module-id=\"3tsusa7jh5g\" data-module=\"DSLC_Text_Simple\" data-dslc-module-size=\"12\" data-dslc-anim=\"none\" data-dslc-anim-delay=\"\" data-dslc-anim-duration=\"650\"  data-dslc-anim-easing=\"ease\" data-dslc-preset=\"none\" >\n\n\t\t\t\n\t\t\t\n\t\t\r\n\t\t<div class=\"dslc-text-module-content\">\r\n\t\t\t<p>Als Fazit kann ich sagen, dass ich mehr als zufrieden bin mit dem Wochenende. Ich habe viel an meinem Speed arbeiten k\u00f6nnen und wenn alles klappt, werde ich auch beim n\u00e4chsten Lauf am 11.\/12.07. in Jinin wieder am Start sein.<\/p>\t\t<\/div>\r\n\r\n\t\t\n\t\t\t\t<\/div><!-- .dslc-module -->\n\t\t<\/div><div class=\"dslc-modules-area dslc-col dslc-12-col dslc-last-col\" data-size=\"12\" data-valign=\"\">\n\t\t<div id=\"dslc-module-b27589bcb81\" class=\"dslc-module-front dslc-module-DSLC_Image dslc-in-viewport-check dslc-in-viewport-anim-none  dslc-col dslc-12-col dslc-last-col  dslc-module-handle-like-regular \" data-module-id=\"b27589bcb81\" data-module=\"DSLC_Image\" data-dslc-module-size=\"12\" data-dslc-anim=\"none\" data-dslc-anim-delay=\"\" data-dslc-anim-duration=\"650\"  data-dslc-anim-easing=\"ease\" data-dslc-preset=\"none\" >\n\n\t\t\t\n\t\t\t\n\t\t\t\t<div class=\"dslc-image-container\">\r\n\t\t<div class=\"dslc-image\">\r\n\r\n\t\t\t\r\n\t\t\t\t\r\n\t\t\t\t\t\t\t\t\t<img src=\"https:\/\/teucher-marcel.de\/wp-content\/uploads\/2020\/06\/CZM_3286.jpg\" alt=\"\" title=\"\" srcset=\"https:\/\/teucher-marcel.de\/wp-content\/uploads\/2020\/06\/CZM_3286.jpg 1200w, https:\/\/teucher-marcel.de\/wp-content\/uploads\/2020\/06\/CZM_3286-300x200.jpg 300w, https:\/\/teucher-marcel.de\/wp-content\/uploads\/2020\/06\/CZM_3286-768x512.jpg 768w, https:\/\/teucher-marcel.de\/wp-content\/uploads\/2020\/06\/CZM_3286-1024x683.jpg 1024w\" sizes=\"(max-width: 1200px) 100vw, 1200px\" \/>\r\n\t\t\t\t\r\n\t\t\t\t\t\t\t\t\t<\/div><!-- .dslc-image -->\r\n\t\t<\/div>\r\n\t\t\n\t\t\t\t<\/div><!-- .dslc-module -->\n\t\t<\/div><\/div><\/div><\/div><input type=\"hidden\" id=\"dslca-post-data-thumb\" value=\"https:\/\/teucher-marcel.de\/wp-content\/uploads\/2020\/06\/CZM_1360.jpg\" \/>","protected":false},"excerpt":{"rendered":"<p>Zufrieden mit dem Auftakt in Tschechien Nach knapp f\u00fcnf Monaten ging es am letzten Wochenende endlich wieder zu einer Veranstaltung. Ich bin froh, dass zumindest in Tschechien aktuell wieder alles seinen Gang geht, auch wenn es f\u00fcr mich zu einem \u201eklassischen\u201c Endurolauf ging.Denis war bereits zum Auftakt der Meisterschaft und hatte mich auf die Idee [&hellip;]<\/p>\n","protected":false},"author":1,"featured_media":7086,"comment_status":"closed","ping_status":"open","sticky":false,"template":"","format":"standard","meta":{"ngg_post_thumbnail":0,"footnotes":"","_links_to":"","_links_to_target":""},"categories":[22],"tags":[],"class_list":["post-7088","post","type-post","status-publish","format-standard","has-post-thumbnail","hentry","category-news-2020"],"_links":{"self":[{"href":"https:\/\/teucher-marcel.de\/index.php?rest_route=\/wp\/v2\/posts\/7088","targetHints":{"allow":["GET"]}}],"collection":[{"href":"https:\/\/teucher-marcel.de\/index.php?rest_route=\/wp\/v2\/posts"}],"about":[{"href":"https:\/\/teucher-marcel.de\/index.php?rest_route=\/wp\/v2\/types\/post"}],"author":[{"embeddable":true,"href":"https:\/\/teucher-marcel.de\/index.php?rest_route=\/wp\/v2\/users\/1"}],"replies":[{"embeddable":true,"href":"https:\/\/teucher-marcel.de\/index.php?rest_route=%2Fwp%2Fv2%2Fcomments&post=7088"}],"version-history":[{"count":1,"href":"https:\/\/teucher-marcel.de\/index.php?rest_route=\/wp\/v2\/posts\/7088\/revisions"}],"predecessor-version":[{"id":7089,"href":"https:\/\/teucher-marcel.de\/index.php?rest_route=\/wp\/v2\/posts\/7088\/revisions\/7089"}],"wp:featuredmedia":[{"embeddable":true,"href":"https:\/\/teucher-marcel.de\/index.php?rest_route=\/wp\/v2\/media\/7086"}],"wp:attachment":[{"href":"https:\/\/teucher-marcel.de\/index.php?rest_route=%2Fwp%2Fv2%2Fmedia&parent=7088"}],"wp:term":[{"taxonomy":"category","embeddable":true,"href":"https:\/\/teucher-marcel.de\/index.php?rest_route=%2Fwp%2Fv2%2Fcategories&post=7088"},{"taxonomy":"post_tag","embeddable":true,"href":"https:\/\/teucher-marcel.de\/index.php?rest_route=%2Fwp%2Fv2%2Ftags&post=7088"}],"curies":[{"name":"wp","href":"https:\/\/api.w.org\/{rel}","templated":true}]}}