{"id":7133,"date":"2020-09-11T09:13:50","date_gmt":"2020-09-11T09:13:50","guid":{"rendered":"https:\/\/teucher-marcel.de\/?p=7133"},"modified":"2020-09-11T09:13:50","modified_gmt":"2020-09-11T09:13:50","slug":"schlammschlacht-am-oetscher-bestes-resultat-in-oesterreich","status":"publish","type":"post","link":"https:\/\/teucher-marcel.de\/?p=7133","title":{"rendered":"Schlammschlacht am \u00d6tscher \u2013 Bestes Resultat in \u00d6sterreich"},"content":{"rendered":"<div id=\"dslc-main\">\n\t\t<div  class=\"dslc-modules-section \" style=\"padding-bottom:19px;padding-top:19px;\" data-section-id=\"5ddcfcde838\">\n\t\t\t\t\n\t\t\t\t\n\t\t\t\t<div class=\"dslc-modules-section-wrapper dslc-clearfix\"><div class=\"dslc-modules-area dslc-col dslc-12-col dslc-last-col\" data-size=\"12\" data-valign=\"\">\n\t\t<div id=\"dslc-module-76eff35b813\" class=\"dslc-module-front dslc-module-DSLC_TP_Title dslc-in-viewport-check dslc-in-viewport-anim-none  dslc-col dslc-12-col dslc-last-col  dslc-module-handle-like-regular \" data-module-id=\"76eff35b813\" data-module=\"DSLC_TP_Title\" data-dslc-module-size=\"12\" data-dslc-anim=\"none\" data-dslc-anim-delay=\"\" data-dslc-anim-duration=\"650\"  data-dslc-anim-easing=\"ease\" data-dslc-preset=\"none\" >\n\n\t\t\t\n\t\t\t\n\t\t\r\n\t\t\t\t<div class=\"dslc-tp-title\"><h1>Schlammschlacht am \u00d6tscher \u2013 Bestes Resultat in \u00d6sterreich<\/h1><\/div>\r\n\r\n\t\t\t\n\t\t\t\t<\/div><!-- .dslc-module -->\n\t\t<\/div><\/div><\/div>\n\t\t<div  class=\"dslc-modules-section \" style=\"background-color:rgb(0, 0, 0);background-image:url(https:\/\/teucher-marcel.de\/wp-content\/uploads\/2020\/09\/OEC_8176.jpg);background-image:url(https:\/\/teucher-marcel.de\/wp-content\/uploads\/2020\/09\/OEC_8174.jpg);background-repeat:no-repeat;background-position:center bottom;background-size:cover;\" data-section-id=\"15d104a1ce3\">\n\t\t\t\t<div class=\"dslc-bg-video dslc-force-show\"><div class=\"dslc-bg-video-overlay\" style=\"background-color:#000000; opacity:0.7; \"><\/div><\/div>\n\t\t\t\t\n\t\t\t\t<div class=\"dslc-modules-section-wrapper dslc-clearfix\"><div class=\"dslc-modules-area dslc-col dslc-12-col dslc-last-col\" data-size=\"12\" data-valign=\"\">\n\t\t<div id=\"dslc-module-d5e55092031\" class=\"dslc-module-front dslc-module-DSLC_Text_Simple dslc-in-viewport-check dslc-in-viewport-anim-none  dslc-col dslc-12-col dslc-last-col  dslc-module-handle-like-regular \" data-module-id=\"d5e55092031\" data-module=\"DSLC_Text_Simple\" data-dslc-module-size=\"12\" data-dslc-anim=\"none\" data-dslc-anim-delay=\"\" data-dslc-anim-duration=\"650\"  data-dslc-anim-easing=\"ease\" data-dslc-preset=\"none\" >\n\n\t\t\t\n\t\t\t\n\t\t\r\n\t\t<div class=\"dslc-text-module-content\">\r\n\t\t\t<div><blockquote><div>Am \u00d6tscher in Nieder\u00f6sterreich fand am letzten Wochenende im August der dritte Lauf zur Enduro-\u00d6M statt, welcher zugleich mein letzter Lauf im Nachbarland f\u00fcr 2020 war. Nat\u00fcrlich mit der Hoffnung, das nun auch in Deutschland wieder Rennen durgef\u00fchrt werden.<br><br>Mit dem bisherigen Verlauf bin ich ganz zufrieden sein. Zusammen mit den beiden Superenduro L\u00e4ufen im Winter, habe ich mittlerweile 7 Rennen bestritten und auch viele neue Strecken kennengelernt.<br><br>Kurzfristig war ich Mitte August sogar einmal wieder beim Deutschen Endurocup am Start. Einige von euch werden es nicht wissen, im Jahr 2006 habe ich, in der damals neuen Serie, meine ersten richtigen Endurorennen \u00fcberhaupt bestritten.<br><br>Der Lauf fand in Drmoul statt, auf der gleichen Strecke wie bei der Tschechischen Meisterschaft Ende Juni. Mit Platz 5 im stark besetzten Feld der Sportfahrer war ich dabei voll zufrieden.<br><br>Nun aber zur\u00fcck zum \u00d6tscher Race. Da f\u00fcr das Wochenende etwas Regen angesagt war, freute ich mich schon auf ein anspruchsvolles Rennen. Am Samstag im Prolog und auf der Besichtigungsrunde war die Strecke allerdings noch trocken und gut fahrbar. Erneut war die Sonderpr\u00fcfung sehr schnell gesteckt. Die \u00d6sterreicher m\u00f6gen es richtig am Kabel zu ziehen.\u00a0<\/div><\/blockquote><blockquote><div>\u00dcber Nacht regnete es, aber am Morgen war das Wetter wieder vorerst wieder besser. Doch bereits zum Start zogen dunkle Wolken \u00fcber den \u00d6tscher und p\u00fcnktlich zur ersten Sonderpr\u00fcfung begann es, aus Eimern zu regnen.<\/div><\/blockquote><br><blockquote><div>Leider war ich der erste Fahrer, der bei richtig nassen Bedingungen in die Pr\u00fcfung fuhr. Der Vorteil war dabei, dass die Runde nun deutlich schwieriger wurde, was mir richtig viel Spa\u00df bereitete. Dies spiegelte sich auch sofort in den Zeiten wieder.<br>Am Ende stand mit Platz 11, im 50 Fahrer umfassenden Teilnehmerfeld der Enduro 3, mein bestes Ergebnis zu Buche. Damit bin ich schon deutlich mehr zufrieden.<\/div><\/blockquote><\/div>\t\t<\/div>\r\n\r\n\t\t\n\t\t\t\t<\/div><!-- .dslc-module -->\n\t\t\n\t\t<div id=\"dslc-module-89ff2cc7fdc\" class=\"dslc-module-front dslc-module-DSLC_Image dslc-in-viewport-check dslc-in-viewport-anim-none  dslc-col dslc-12-col dslc-last-col  dslc-module-handle-like-regular \" data-module-id=\"89ff2cc7fdc\" data-module=\"DSLC_Image\" data-dslc-module-size=\"12\" data-dslc-anim=\"none\" data-dslc-anim-delay=\"\" data-dslc-anim-duration=\"650\"  data-dslc-anim-easing=\"ease\" data-dslc-preset=\"none\" >\n\n\t\t\t\n\t\t\t\n\t\t\t\t<div class=\"dslc-image-container\">\r\n\t\t<div class=\"dslc-image\">\r\n\r\n\t\t\t\r\n\t\t\t\t\r\n\t\t\t\t\t\t\t\t\t<img src=\"https:\/\/teucher-marcel.de\/wp-content\/uploads\/2020\/09\/OEC_7879.jpg\" alt=\"\" title=\"\" srcset=\"https:\/\/teucher-marcel.de\/wp-content\/uploads\/2020\/09\/OEC_7879.jpg 5472w, https:\/\/teucher-marcel.de\/wp-content\/uploads\/2020\/09\/OEC_7879-300x200.jpg 300w, https:\/\/teucher-marcel.de\/wp-content\/uploads\/2020\/09\/OEC_7879-768x512.jpg 768w, https:\/\/teucher-marcel.de\/wp-content\/uploads\/2020\/09\/OEC_7879-1024x683.jpg 1024w\" sizes=\"(max-width: 5472px) 100vw, 5472px\" \/>\r\n\t\t\t\t\r\n\t\t\t\t\t\t\t\t\t<\/div><!-- .dslc-image -->\r\n\t\t<\/div>\r\n\t\t\n\t\t\t\t<\/div><!-- .dslc-module -->\n\t\t\n\t\t<div id=\"dslc-module-512875ccad5\" class=\"dslc-module-front dslc-module-DSLC_Text_Simple dslc-in-viewport-check dslc-in-viewport-anim-none  dslc-col dslc-12-col dslc-last-col  dslc-module-handle-like-regular \" data-module-id=\"512875ccad5\" data-module=\"DSLC_Text_Simple\" data-dslc-module-size=\"12\" data-dslc-anim=\"none\" data-dslc-anim-delay=\"\" data-dslc-anim-duration=\"650\"  data-dslc-anim-easing=\"ease\" data-dslc-preset=\"none\" >\n\n\t\t\t\n\t\t\t\n\t\t\r\n\t\t<div class=\"dslc-text-module-content\">\r\n\t\t\t<div><blockquote><div>Weiter ging es f\u00fcr mich nun endlich auch in Deutschland und zwar mit dem CrossCountry in Schwepnitz. Dort konnte ich letztes Jahr gewinnen. Es warteten starke Gegner aus der HardEnduroSeries Germany auf mich. Ich f\u00fchlte mich nicht 100% \u00a0fit und ging das Rennen eher als Training an. Ich konnte das Tempo der Spitze mitgehen, f\u00fchlte aber das ich es definitiv nicht das ganze Rennen durchhalten kann. Es war nicht mein Tag. Der Schwepnitzer Verein hat wieder eine super Runde geboten und mit der Unterst\u00fctzung von Denis G\u00fcnther und jeder Menge Helfer, wurde auch das Hygiene Konzept gut umgesetzt. Am Ende reichte es f\u00fcr Platz 5 in der Profi Klasse.<br><br>Es kam so wie es kommen musste, mein Gef\u00fchl hatte sich best\u00e4tigt. Ich liege nun mit einer Erk\u00e4ltung flach und werde das erstmal in Ruhe auskurieren, um dann am 10.10. zum Auftakt der HESG wieder richtig fit zu sein. <br><br>#fullforceforward Euer Marcel<br><br><\/div><\/blockquote><\/div>\t\t<\/div>\r\n\r\n\t\t\n\t\t\t\t<\/div><!-- .dslc-module -->\n\t\t<\/div><div class=\"dslc-modules-area dslc-col dslc-12-col dslc-last-col\" data-size=\"12\" data-valign=\"\">\n\t\t<div id=\"dslc-module-c75eb80876e\" class=\"dslc-module-front dslc-module-DSLC_Image dslc-in-viewport-check dslc-in-viewport-anim-none  dslc-col dslc-12-col dslc-last-col  dslc-module-handle-like-regular \" data-module-id=\"c75eb80876e\" data-module=\"DSLC_Image\" data-dslc-module-size=\"12\" data-dslc-anim=\"none\" data-dslc-anim-delay=\"\" data-dslc-anim-duration=\"650\"  data-dslc-anim-easing=\"ease\" data-dslc-preset=\"none\" >\n\n\t\t\t\n\t\t\t\n\t\t\t\t<div class=\"dslc-image-container\">\r\n\t\t<div class=\"dslc-image\">\r\n\r\n\t\t\t\r\n\t\t\t\t\r\n\t\t\t\t\t\t\t\t\t<img src=\"https:\/\/teucher-marcel.de\/wp-content\/uploads\/2020\/09\/OEC_8176.jpg\" alt=\"\" title=\"\" srcset=\"https:\/\/teucher-marcel.de\/wp-content\/uploads\/2020\/09\/OEC_8176.jpg 5472w, https:\/\/teucher-marcel.de\/wp-content\/uploads\/2020\/09\/OEC_8176-300x200.jpg 300w, https:\/\/teucher-marcel.de\/wp-content\/uploads\/2020\/09\/OEC_8176-768x512.jpg 768w, https:\/\/teucher-marcel.de\/wp-content\/uploads\/2020\/09\/OEC_8176-1024x683.jpg 1024w\" sizes=\"(max-width: 5472px) 100vw, 5472px\" \/>\r\n\t\t\t\t\r\n\t\t\t\t\t\t\t\t\t<\/div><!-- .dslc-image -->\r\n\t\t<\/div>\r\n\t\t\n\t\t\t\t<\/div><!-- .dslc-module -->\n\t\t<\/div><\/div><\/div><\/div><input type=\"hidden\" id=\"dslca-post-data-thumb\" value=\"https:\/\/teucher-marcel.de\/wp-content\/uploads\/2020\/09\/OEC_8176.jpg\" \/>","protected":false},"excerpt":{"rendered":"<p>Schlammschlacht am \u00d6tscher \u2013 Bestes Resultat in \u00d6sterreich Am \u00d6tscher in Nieder\u00f6sterreich fand am letzten Wochenende im August der dritte Lauf zur Enduro-\u00d6M statt, welcher zugleich mein letzter Lauf im Nachbarland f\u00fcr 2020 war. Nat\u00fcrlich mit der Hoffnung, das nun auch in Deutschland wieder Rennen durgef\u00fchrt werden.Mit dem bisherigen Verlauf bin ich ganz zufrieden sein. [&hellip;]<\/p>\n","protected":false},"author":1,"featured_media":7131,"comment_status":"closed","ping_status":"open","sticky":false,"template":"","format":"standard","meta":{"ngg_post_thumbnail":0,"footnotes":"","_links_to":"","_links_to_target":""},"categories":[22],"tags":[],"class_list":["post-7133","post","type-post","status-publish","format-standard","has-post-thumbnail","hentry","category-news-2020"],"_links":{"self":[{"href":"https:\/\/teucher-marcel.de\/index.php?rest_route=\/wp\/v2\/posts\/7133","targetHints":{"allow":["GET"]}}],"collection":[{"href":"https:\/\/teucher-marcel.de\/index.php?rest_route=\/wp\/v2\/posts"}],"about":[{"href":"https:\/\/teucher-marcel.de\/index.php?rest_route=\/wp\/v2\/types\/post"}],"author":[{"embeddable":true,"href":"https:\/\/teucher-marcel.de\/index.php?rest_route=\/wp\/v2\/users\/1"}],"replies":[{"embeddable":true,"href":"https:\/\/teucher-marcel.de\/index.php?rest_route=%2Fwp%2Fv2%2Fcomments&post=7133"}],"version-history":[{"count":1,"href":"https:\/\/teucher-marcel.de\/index.php?rest_route=\/wp\/v2\/posts\/7133\/revisions"}],"predecessor-version":[{"id":7134,"href":"https:\/\/teucher-marcel.de\/index.php?rest_route=\/wp\/v2\/posts\/7133\/revisions\/7134"}],"wp:featuredmedia":[{"embeddable":true,"href":"https:\/\/teucher-marcel.de\/index.php?rest_route=\/wp\/v2\/media\/7131"}],"wp:attachment":[{"href":"https:\/\/teucher-marcel.de\/index.php?rest_route=%2Fwp%2Fv2%2Fmedia&parent=7133"}],"wp:term":[{"taxonomy":"category","embeddable":true,"href":"https:\/\/teucher-marcel.de\/index.php?rest_route=%2Fwp%2Fv2%2Fcategories&post=7133"},{"taxonomy":"post_tag","embeddable":true,"href":"https:\/\/teucher-marcel.de\/index.php?rest_route=%2Fwp%2Fv2%2Ftags&post=7133"}],"curies":[{"name":"wp","href":"https:\/\/api.w.org\/{rel}","templated":true}]}}