{"id":7141,"date":"2020-10-21T18:22:32","date_gmt":"2020-10-21T18:22:32","guid":{"rendered":"https:\/\/teucher-marcel.de\/?p=7141"},"modified":"2020-10-21T18:22:32","modified_gmt":"2020-10-21T18:22:32","slug":"beendet-reetz-nun-die-saison","status":"publish","type":"post","link":"https:\/\/teucher-marcel.de\/?p=7141","title":{"rendered":"Beendet Reetz nun die Saison ?"},"content":{"rendered":"<div id=\"dslc-main\">\n\t\t<div  class=\"dslc-modules-section \" style=\"padding-bottom:19px;padding-top:19px;\" data-section-id=\"d51d3a97ba6\">\n\t\t\t\t\n\t\t\t\t\n\t\t\t\t<div class=\"dslc-modules-section-wrapper dslc-clearfix\"><div class=\"dslc-modules-area dslc-col dslc-12-col dslc-last-col\" data-size=\"12\" data-valign=\"\">\n\t\t<div id=\"dslc-module-6041807655e\" class=\"dslc-module-front dslc-module-DSLC_TP_Title dslc-in-viewport-check dslc-in-viewport-anim-none  dslc-col dslc-12-col dslc-last-col  dslc-module-handle-like-regular \" data-module-id=\"6041807655e\" data-module=\"DSLC_TP_Title\" data-dslc-module-size=\"12\" data-dslc-anim=\"none\" data-dslc-anim-delay=\"\" data-dslc-anim-duration=\"650\"  data-dslc-anim-easing=\"ease\" data-dslc-preset=\"none\" >\n\n\t\t\t\n\t\t\t\n\t\t\r\n\t\t\t\t<div class=\"dslc-tp-title\"><h1>Beendet Reetz nun die Saison ?<\/h1><\/div>\r\n\r\n\t\t\t\n\t\t\t\t<\/div><!-- .dslc-module -->\n\t\t<\/div><\/div><\/div>\n\t\t<div  class=\"dslc-modules-section \" style=\"background-color:rgb(0, 0, 0);background-image:url(https:\/\/teucher-marcel.de\/wp-content\/uploads\/2020\/10\/IMG_1048.jpg);background-image:url(https:\/\/teucher-marcel.de\/wp-content\/uploads\/2020\/10\/IMG_1048.jpg);background-repeat:no-repeat;background-position:center bottom;background-size:cover;\" data-section-id=\"f4e6242e1ec\">\n\t\t\t\t<div class=\"dslc-bg-video dslc-force-show\"><div class=\"dslc-bg-video-overlay\" style=\"background-color:#000000; opacity:0.7; \"><\/div><\/div>\n\t\t\t\t\n\t\t\t\t<div class=\"dslc-modules-section-wrapper dslc-clearfix\"><div class=\"dslc-modules-area dslc-col dslc-12-col dslc-last-col\" data-size=\"12\" data-valign=\"\">\n\t\t<div id=\"dslc-module-f4ba482073f\" class=\"dslc-module-front dslc-module-DSLC_Text_Simple dslc-in-viewport-check dslc-in-viewport-anim-none  dslc-col dslc-12-col dslc-last-col  dslc-module-handle-like-regular \" data-module-id=\"f4ba482073f\" data-module=\"DSLC_Text_Simple\" data-dslc-module-size=\"12\" data-dslc-anim=\"none\" data-dslc-anim-delay=\"\" data-dslc-anim-duration=\"650\"  data-dslc-anim-easing=\"ease\" data-dslc-preset=\"none\" >\n\n\t\t\t\n\t\t\t\n\t\t\r\n\t\t<div class=\"dslc-text-module-content\">\r\n\t\t\t<blockquote><p>Am 10. Oktober fand nun endlich der erste Lauf zur MAXXIS HardEnduroSeries Germany 2020\/2021 statt.\u00a0 Im Fr\u00fchjahr entschied man sich dazu, eine Wintersaison anzubieten und alle \u201eCoronabedingten\u201c Absagen im Fr\u00fchjahr n\u00e4chsten Jahres nachzuholen.<\/p><p>Bisher war ich noch nie in Reetz und ich lie\u00df mich \u00fcberraschen, was der Verein dort so auf die Beine stellt. Im sandigen Gel\u00e4nde wurden einige Hindernisse aufgebaut, welche gar nicht so einfach zu fahren waren. Dazu kam ein neuer Modus f\u00fcr die HESG, der etwas an dem \u00d6EC oder die Tschechische Meisterschaft erinnerte. Nach dem Prolog wurde erstmals ein Sprintenduro ausgetragen. Die Startaufstellung bildete das Ergebnis aus dem Prolog. Leider vermasselte ich den Prolog geh\u00f6rig. Durch einen dummen Umfaller musste ich deshalb von weit hinten starten.<\/p><\/blockquote>\t\t<\/div>\r\n\r\n\t\t\n\t\t\t\t<\/div><!-- .dslc-module -->\n\t\t\n\t\t<div id=\"dslc-module-7a84e57373e\" class=\"dslc-module-front dslc-module-DSLC_Image dslc-in-viewport-check dslc-in-viewport-anim-none  dslc-col dslc-12-col dslc-last-col  dslc-module-handle-like-regular \" data-module-id=\"7a84e57373e\" data-module=\"DSLC_Image\" data-dslc-module-size=\"12\" data-dslc-anim=\"none\" data-dslc-anim-delay=\"\" data-dslc-anim-duration=\"650\"  data-dslc-anim-easing=\"ease\" data-dslc-preset=\"none\" >\n\n\t\t\t\n\t\t\t\n\t\t\t\t<div class=\"dslc-image-container\">\r\n\t\t<div class=\"dslc-image\">\r\n\r\n\t\t\t\r\n\t\t\t\t\r\n\t\t\t\t\t\t\t\t\t<img src=\"https:\/\/teucher-marcel.de\/wp-content\/uploads\/2020\/10\/IMG_1580.jpg\" alt=\"\" title=\"\" srcset=\"https:\/\/teucher-marcel.de\/wp-content\/uploads\/2020\/10\/IMG_1580.jpg 6000w, https:\/\/teucher-marcel.de\/wp-content\/uploads\/2020\/10\/IMG_1580-300x200.jpg 300w, https:\/\/teucher-marcel.de\/wp-content\/uploads\/2020\/10\/IMG_1580-768x512.jpg 768w, https:\/\/teucher-marcel.de\/wp-content\/uploads\/2020\/10\/IMG_1580-1024x683.jpg 1024w\" sizes=\"(max-width: 6000px) 100vw, 6000px\" \/>\r\n\t\t\t\t\r\n\t\t\t\t\t\t\t\t\t<\/div><!-- .dslc-image -->\r\n\t\t<\/div>\r\n\t\t\n\t\t\t\t<\/div><!-- .dslc-module -->\n\t\t\n\t\t<div id=\"dslc-module-82e8d7cb505\" class=\"dslc-module-front dslc-module-DSLC_Text_Simple dslc-in-viewport-check dslc-in-viewport-anim-none  dslc-col dslc-12-col dslc-last-col  dslc-module-handle-like-regular \" data-module-id=\"82e8d7cb505\" data-module=\"DSLC_Text_Simple\" data-dslc-module-size=\"12\" data-dslc-anim=\"none\" data-dslc-anim-delay=\"\" data-dslc-anim-duration=\"650\"  data-dslc-anim-easing=\"ease\" data-dslc-preset=\"none\" >\n\n\t\t\t\n\t\t\t\n\t\t\r\n\t\t<div class=\"dslc-text-module-content\">\r\n\t\t\t<div><blockquote><div><p>Im Sprintenduro wurde ich dadurch immer wieder von langsameren Fahrern aufgehalten, da man jede Runde wieder zur Sollzeit in Reihenfolge des Prologergebnisses startete. Erst gegen Ende kam ich besser in Fahrt und konnte noch bis auf Platz 8 vorfahren.<\/p><p>Dies ist f\u00fcr mich ein solider, aber nicht der erhoffte Saisonauftakt zur HESG. Wie es nun mit der Saison weitergeht, steht aufgrund der wieder mehr in den Vordergrund r\u00fcckenden Coronasache, in den Sternen. Die noch f\u00fcr den Oktober angesetzten L\u00e4ufe in Neuhaus-Schierschnitz und Schwepnitz wurden beide bereits abgesagt.<\/p><p>Wahrscheinlich k\u00f6nnen wir nun auch ein Haken an die Saison 2020 machen. Ob es \u00fcberhaupt einige Superenduro L\u00e4ufe geben wird ist ziemlich unklar. Ich w\u00fcrde es mir w\u00fcnschen.<\/p><\/div><\/blockquote><\/div>\t\t<\/div>\r\n\r\n\t\t\n\t\t\t\t<\/div><!-- .dslc-module -->\n\t\t\n\t\t<div id=\"dslc-module-9oar17pp8i\" class=\"dslc-module-front dslc-module-DSLC_Text_Simple dslc-in-viewport-check dslc-in-viewport-anim-none  dslc-col dslc-12-col dslc-last-col  dslc-module-handle-like-regular \" data-module-id=\"9oar17pp8i\" data-module=\"DSLC_Text_Simple\" data-dslc-module-size=\"12\" data-dslc-anim=\"none\" data-dslc-anim-delay=\"\" data-dslc-anim-duration=\"650\"  data-dslc-anim-easing=\"ease\" data-dslc-preset=\"none\" >\n\n\t\t\t\n\t\t\t\n\t\t\r\n\t\t<div class=\"dslc-text-module-content\">\r\n\t\t\t<blockquote><p>Alles in allem bin ich dennoch zufrieden mit dem Jahr. Ich konnte immerhin neun wunderbare, teilweise sehr anspruchsvolle und landschaftlich traumhafte Rennen bestreiten. In Anbetracht der Lage bin ich, wohl f\u00fcr uns Deutsche Enduro Fahrer, schon sehr viel unterwegs gewesen.<\/p><p>Lassen wir uns \u00fcberraschen wie es weitergeht\u2026 Wir k\u00f6nnen es nur so nehmen wie es kommt und alle an einem Strang ziehen.<\/p><p>#staysafe #stayontrack #fullforceforward<\/p><p>Euer Marcel<\/p><p><strong>\u00a0<\/strong><\/p><\/blockquote>\t\t<\/div>\r\n\r\n\t\t\n\t\t\t\t<\/div><!-- .dslc-module -->\n\t\t\n\t\t<div id=\"dslc-module-m3l806iffuo\" class=\"dslc-module-front dslc-module-DSLC_Image dslc-in-viewport-check dslc-in-viewport-anim-none  dslc-col dslc-12-col dslc-last-col  dslc-module-handle-like-regular \" data-module-id=\"m3l806iffuo\" data-module=\"DSLC_Image\" data-dslc-module-size=\"12\" data-dslc-anim=\"none\" data-dslc-anim-delay=\"\" data-dslc-anim-duration=\"650\"  data-dslc-anim-easing=\"ease\" data-dslc-preset=\"none\" >\n\n\t\t\t\n\t\t\t\n\t\t\t\t<div class=\"dslc-image-container\">\r\n\t\t<div class=\"dslc-image\">\r\n\r\n\t\t\t\r\n\t\t\t\t\r\n\t\t\t\t\t\t\t\t\t<img src=\"https:\/\/teucher-marcel.de\/wp-content\/uploads\/2020\/10\/IMG_0331.jpg\" alt=\"\" title=\"\" srcset=\"https:\/\/teucher-marcel.de\/wp-content\/uploads\/2020\/10\/IMG_0331.jpg 5184w, https:\/\/teucher-marcel.de\/wp-content\/uploads\/2020\/10\/IMG_0331-300x200.jpg 300w, https:\/\/teucher-marcel.de\/wp-content\/uploads\/2020\/10\/IMG_0331-768x512.jpg 768w, https:\/\/teucher-marcel.de\/wp-content\/uploads\/2020\/10\/IMG_0331-1024x683.jpg 1024w\" sizes=\"(max-width: 5184px) 100vw, 5184px\" \/>\r\n\t\t\t\t\r\n\t\t\t\t\t\t\t\t\t<\/div><!-- .dslc-image -->\r\n\t\t<\/div>\r\n\t\t\n\t\t\t\t<\/div><!-- .dslc-module -->\n\t\t\n\t\t<div id=\"dslc-module-aq3bkd525v\" class=\"dslc-module-front dslc-module-DSLC_Text_Simple dslc-in-viewport-check dslc-in-viewport-anim-none  dslc-col dslc-12-col dslc-last-col  dslc-module-handle-like-regular \" data-module-id=\"aq3bkd525v\" data-module=\"DSLC_Text_Simple\" data-dslc-module-size=\"12\" data-dslc-anim=\"none\" data-dslc-anim-delay=\"\" data-dslc-anim-duration=\"650\"  data-dslc-anim-easing=\"ease\" data-dslc-preset=\"none\" >\n\n\t\t\t\n\t\t\t\n\t\t\r\n\t\t<div class=\"dslc-text-module-content\">\r\n\t\t\t<blockquote><p>Fotos: TK420 \/ Toni Keller<\/p><p><strong>\u00a0<\/strong><\/p><\/blockquote>\t\t<\/div>\r\n\r\n\t\t\n\t\t\t\t<\/div><!-- .dslc-module -->\n\t\t<\/div><\/div><\/div><\/div><input type=\"hidden\" id=\"dslca-post-data-thumb\" value=\"https:\/\/teucher-marcel.de\/wp-content\/uploads\/2020\/10\/IMG_1048.jpg\" \/>","protected":false},"excerpt":{"rendered":"<p>Beendet Reetz nun die Saison ? Am 10. Oktober fand nun endlich der erste Lauf zur MAXXIS HardEnduroSeries Germany 2020\/2021 statt.\u00a0 Im Fr\u00fchjahr entschied man sich dazu, eine Wintersaison anzubieten und alle \u201eCoronabedingten\u201c Absagen im Fr\u00fchjahr n\u00e4chsten Jahres nachzuholen.Bisher war ich noch nie in Reetz und ich lie\u00df mich \u00fcberraschen, was der Verein dort so [&hellip;]<\/p>\n","protected":false},"author":1,"featured_media":7139,"comment_status":"closed","ping_status":"open","sticky":false,"template":"","format":"standard","meta":{"ngg_post_thumbnail":0,"footnotes":"","_links_to":"","_links_to_target":""},"categories":[22],"tags":[],"class_list":["post-7141","post","type-post","status-publish","format-standard","has-post-thumbnail","hentry","category-news-2020"],"_links":{"self":[{"href":"https:\/\/teucher-marcel.de\/index.php?rest_route=\/wp\/v2\/posts\/7141","targetHints":{"allow":["GET"]}}],"collection":[{"href":"https:\/\/teucher-marcel.de\/index.php?rest_route=\/wp\/v2\/posts"}],"about":[{"href":"https:\/\/teucher-marcel.de\/index.php?rest_route=\/wp\/v2\/types\/post"}],"author":[{"embeddable":true,"href":"https:\/\/teucher-marcel.de\/index.php?rest_route=\/wp\/v2\/users\/1"}],"replies":[{"embeddable":true,"href":"https:\/\/teucher-marcel.de\/index.php?rest_route=%2Fwp%2Fv2%2Fcomments&post=7141"}],"version-history":[{"count":1,"href":"https:\/\/teucher-marcel.de\/index.php?rest_route=\/wp\/v2\/posts\/7141\/revisions"}],"predecessor-version":[{"id":7142,"href":"https:\/\/teucher-marcel.de\/index.php?rest_route=\/wp\/v2\/posts\/7141\/revisions\/7142"}],"wp:featuredmedia":[{"embeddable":true,"href":"https:\/\/teucher-marcel.de\/index.php?rest_route=\/wp\/v2\/media\/7139"}],"wp:attachment":[{"href":"https:\/\/teucher-marcel.de\/index.php?rest_route=%2Fwp%2Fv2%2Fmedia&parent=7141"}],"wp:term":[{"taxonomy":"category","embeddable":true,"href":"https:\/\/teucher-marcel.de\/index.php?rest_route=%2Fwp%2Fv2%2Fcategories&post=7141"},{"taxonomy":"post_tag","embeddable":true,"href":"https:\/\/teucher-marcel.de\/index.php?rest_route=%2Fwp%2Fv2%2Ftags&post=7141"}],"curies":[{"name":"wp","href":"https:\/\/api.w.org\/{rel}","templated":true}]}}