{"id":7439,"date":"2026-09-03T12:37:49","date_gmt":"2026-09-03T12:37:49","guid":{"rendered":"https:\/\/teucher-marcel.de\/?p=7439"},"modified":"2026-09-03T12:37:49","modified_gmt":"2026-09-03T12:37:49","slug":"oetztaler-radmarathon-2026-227-kilometer-5-500-hoehenmeter-und-mein-traum-von-sub-10","status":"publish","type":"post","link":"https:\/\/teucher-marcel.de\/?p=7439","title":{"rendered":"\u00d6tztaler Radmarathon 2026 \u2013 227 Kilometer, 5.500 H\u00f6henmeter und mein Traum von Sub 10"},"content":{"rendered":"<div id=\"dslc-main\">\n\t\t<div  class=\"dslc-modules-section \" style=\"padding-bottom:19px;padding-top:19px;\" data-section-id=\"c2ba02fad90\">\n\t\t\t\t\n\t\t\t\t\n\t\t\t\t<div class=\"dslc-modules-section-wrapper dslc-clearfix\"><div class=\"dslc-modules-area dslc-col dslc-12-col dslc-last-col dslc-valign- \" data-size=\"12\" data-valign=\"\">\n\t\t<div id=\"dslc-module-ac2881c79d8\" class=\"dslc-module-front dslc-module-DSLC_TP_Title dslc-in-viewport-check dslc-in-viewport-anim-none  dslc-col dslc-12-col dslc-last-col  dslc-module-handle-like-regular \" data-module-id=\"ac2881c79d8\" data-module=\"DSLC_TP_Title\" data-dslc-module-size=\"12\" data-dslc-anim=\"none\" data-dslc-anim-delay=\"\" data-dslc-anim-duration=\"650\"  data-dslc-anim-easing=\"ease\" data-dslc-preset=\"none\" >\n\n\t\t\t\n\t\t\t\n\t\t\r\n\t\t\t\t<div class=\"dslc-tp-title\"><h1>\u00d6tztaler Radmarathon 2026 \u2013 227 Kilometer, 5.500 H\u00f6henmeter und mein Traum von Sub 10<\/h1><\/div>\r\n\r\n\t\t\t\n\t\t\t\t<\/div><!-- .dslc-module -->\n\t\t<\/div><\/div><\/div>\n\t\t<div  class=\"dslc-modules-section \" style=\"background-color:rgb(0, 0, 0);background-image:url(https:\/\/teucher-marcel.de\/wp-content\/uploads\/2026\/09\/WhatsApp-Image-2026-09-03-at-11.15.48.jpeg);background-image:url(https:\/\/teucher-marcel.de\/wp-content\/uploads\/2026\/09\/WhatsApp-Image-2026-09-03-at-11.15.47-1.jpeg);background-repeat:no-repeat;background-position:center bottom;background-size:cover;\" data-section-id=\"a8b7d877969\">\n\t\t\t\t<div class=\"dslc-bg-video dslc-force-show\"><div class=\"dslc-bg-video-overlay\" style=\"background-color:#000000; opacity:0.7; \"><\/div><\/div>\n\t\t\t\t\n\t\t\t\t<div class=\"dslc-modules-section-wrapper dslc-clearfix\"><div class=\"dslc-modules-area dslc-col dslc-12-col dslc-last-col dslc-valign- \" data-size=\"12\" data-valign=\"\">\n\t\t<div id=\"dslc-module-3411411e1ec\" class=\"dslc-module-front dslc-module-DSLC_Text_Simple dslc-in-viewport-check dslc-in-viewport-anim-none  dslc-col dslc-12-col dslc-last-col  dslc-module-handle-like-regular \" data-module-id=\"3411411e1ec\" data-module=\"DSLC_Text_Simple\" data-dslc-module-size=\"12\" data-dslc-anim=\"none\" data-dslc-anim-delay=\"\" data-dslc-anim-duration=\"650\"  data-dslc-anim-easing=\"ease\" data-dslc-preset=\"none\" >\n\n\t\t\t\n\t\t\t\n\t\t\r\n\t\t<div class=\"dslc-text-module-content\">\r\n\t\t\t<p>Nach den ersten 5 L\u00e4ufen der HardenduroSeries Germany, dem Drapak Rodeo und nat\u00fcrlich dem Erzbergrodeo stand Ende August ein f\u00fcr mich etwas anderes Saisonhighlight auf dem Programm: der \u00d6tztaler Radmarathon.<\/p><p>Das Rennrad ist f\u00fcr mich eigentlich in erster Linie Trainingsger\u00e4t und wichtiger Bestandteil meiner Ausdauervorbereitung f\u00fcrs Hard Enduro. Trotzdem hatte sich der \u00d6tztaler \u00fcber die letzten Monate zu einem echten pers\u00f6nlichen Ziel und Saisonhighlight entwickelt. Und wenn ich schon einmal an der Startlinie eines der bekanntesten und h\u00e4rtesten Radmarathons Europas stehe, wollte ich nat\u00fcrlich nicht einfach nur irgendwie ins Ziel kommen.<\/p><p>Mein gro\u00dfes Ziel war klar: unter 10 Stunden.<\/p><p>Die Aufgabe dahinter ist alles andere als klein. Der \u00d6tztaler f\u00fchrt von S\u00f6lden \u00fcber K\u00fchtai, Brenner, Jaufenpass und Timmelsjoch zur\u00fcck nach S\u00f6lden. Offiziell stehen am Ende 227 Kilometer und 5.500 H\u00f6henmeter auf der Uhr. 2026 stellten sich 4.281 Fahrerinnen und Fahrer aus 38 Nationen dieser Herausforderung.<\/p><p>Und wie sich sp\u00e4ter zeigen sollte, erwischte ich ausgerechnet bei meiner Teilnahme eine absolute Rekordedition.<\/p><p><a href=\"https:\/\/teucher-marcel.de\/wp-content\/uploads\/2026\/09\/WhatsApp-Image-2026-09-03-at-11.15.49.jpeg\"><img class=\"aligncenter size-full wp-image-7429\" src=\"https:\/\/teucher-marcel.de\/wp-content\/uploads\/2026\/09\/WhatsApp-Image-2026-09-03-at-11.15.49.jpeg\" alt=\"\" width=\"1200\" height=\"1600\"><\/a><\/p><p><strong>Die letzten Vorbereitungen<\/strong><\/p><p>Am Freitag ging es ins \u00d6tztal. Den Samstag nutzte ich nur noch zum lockeren Einrollen. Ein paar kurze Intervalle, hohe Trittfrequenzen und zwischendurch einmal kurz richtig Leistung in die Beine \u2013 einfach noch einmal den K\u00f6rper aktivieren, ohne unn\u00f6tig K\u00f6rner zu verbrennen. Die eigentliche Arbeit war sowieso l\u00e4ngst erledigt. Nach dem einrollen noch Startunterlagen holen und das Fahrrad vorbereiten, alles zurechtlegen und nochmal gut Essen. Sonntagmorgen hie\u00df es dann fr\u00fch aufstehen und ab an den Start.<\/p><p>Trotz der langen Strecke wollte ich das Rennen zun\u00e4chst bewusst locker angehen. Im gro\u00dfen Feld rollte es sich Richtung ersten Pass entsprechend gut. Auch wenn die Startphase sehr hektisch und \u201eEng\" war.<\/p><p><a href=\"https:\/\/teucher-marcel.de\/wp-content\/uploads\/2026\/09\/WhatsApp-Image-2026-09-03-at-11.15.48-1.jpeg\"><img class=\"aligncenter size-full wp-image-7430\" src=\"https:\/\/teucher-marcel.de\/wp-content\/uploads\/2026\/09\/WhatsApp-Image-2026-09-03-at-11.15.48-1.jpeg\" alt=\"\" width=\"1200\" height=\"1600\"><\/a><\/p><p>Dann kam das K\u00fchtai. Und aus \u201elocker anfangen\" wurde relativ schnell etwas anderes. <img class=\"emoji\" role=\"img\" draggable=\"false\" src=\"https:\/\/s.w.org\/images\/core\/emoji\/16.0.1\/svg\/1f605.svg\" alt=\"\"><\/p><p><strong>K\u00fchtai \u2013 etwas zu viel Euphorie<\/strong><\/p><p>Meine Beine f\u00fchlten sich richtig gut an und um mich herum mit vielen Ex-Profis und die mehrmalige Siegerin der Damen. Dementsprechend wurde ordentlich Tempo gefahren. Also lie\u00df ich mich ein St\u00fcck weit mitrei\u00dfen. Statt streng meinen eigenen Stiefel zu fahren, blieb ich im schnellen Rennfluss und investierte am ersten Berg wahrscheinlich etwas mehr, als urspr\u00fcnglich geplant war.<\/p><p>Nach <strong>2:02:01 Stunden<\/strong> war das K\u00fchtai erreicht. F\u00fcr ein geplantes Sub-10-Rennen definitiv eine offensive Zwischenzeit.<\/p><p><a href=\"https:\/\/teucher-marcel.de\/wp-content\/uploads\/2026\/09\/WhatsApp-Image-2026-09-03-at-11.15.48.jpeg\"><img class=\"aligncenter size-full wp-image-7431\" src=\"https:\/\/teucher-marcel.de\/wp-content\/uploads\/2026\/09\/WhatsApp-Image-2026-09-03-at-11.15.48.jpeg\" alt=\"\" width=\"1200\" height=\"1600\"><\/a><\/p><p>R\u00fcckblickend hat mich das nat\u00fcrlich K\u00f6rner gekostet. Gleichzeitig war es aber auch nicht einfach nur ein Fehler. Durch die gute Position erwischte ich anschlie\u00dfend Richtung Brenner eine gro\u00dfe und schnelle Gruppe. Dort konnte ich viel Windschatten nutzen und dadurch auf den schnelleren Kilometern wiederum ordentlich Energie sparen.<\/p><p>Vielleicht habe ich am K\u00fchtai also etwas \u00fcberpaced \u2013 daf\u00fcr aber eine schnelle Rennposition f\u00fcr die n\u00e4chsten Stunden gekauft.<\/p><p><strong>Brenner \u2013 schnell, aber effizient<\/strong><\/p><p>Richtung Brenner lief es richtig gut. Die Gruppe war schnell unterwegs, ich konnte mich darin aber gut verstecken und gleichzeitig meine Verpflegung konsequent durchziehen.<\/p><p>Essen, trinken, treten. Genauso hatte ich mir diesen Rennabschnitt vorgestellt.<\/p><p><a href=\"https:\/\/teucher-marcel.de\/wp-content\/uploads\/2026\/09\/WhatsApp-Image-2026-09-03-at-11.15.47-3.jpeg\"><img class=\"aligncenter size-full wp-image-7432\" src=\"https:\/\/teucher-marcel.de\/wp-content\/uploads\/2026\/09\/WhatsApp-Image-2026-09-03-at-11.15.47-3.jpeg\" alt=\"\" width=\"1200\" height=\"1600\"><\/a><\/p><p>Die guten Bedingungen spielten uns dabei ebenfalls in die Karten. Wenig Wind und schnelle Gruppen sorgten 2026 generell f\u00fcr ein enorm hohes Tempo. An der Spitze bildete sich eine ungew\u00f6hnlich gro\u00dfe Gruppe, die gemeinsam bis Richtung Jaufenpass fuhr. Und auch bei mir funktionierte diese Strategie. Trotz des schnellen K\u00fchtais hatte ich weiterhin gute Beine.<\/p><p><strong>Jaufenpass \u2013 immer noch alles unter Kontrolle<\/strong><\/p><p>Am Jaufenpass wollte ich wieder st\u00e4rker meinen eigenen Rhythmus fahren. Und das funktionierte \u00fcberraschend gut. Ich konnte den langen Anstieg kontrolliert hochfahren und hatte weiterhin nicht das Gef\u00fchl, bereits richtig tief gehen zu m\u00fcssen. Nach mittlerweile <strong>6:12 Stunden<\/strong> war auch der Jaufen geschafft. In der Abfahrt konnte ich sogar wieder ein paar Positionen gutmachen.<\/p><p><a href=\"https:\/\/teucher-marcel.de\/wp-content\/uploads\/2026\/09\/WhatsApp-Image-2026-09-03-at-11.15.47-2.jpeg\"><img class=\"aligncenter size-full wp-image-7433\" src=\"https:\/\/teucher-marcel.de\/wp-content\/uploads\/2026\/09\/WhatsApp-Image-2026-09-03-at-11.15.47-2.jpeg\" alt=\"\" width=\"1200\" height=\"1600\"><\/a><\/p><p>Bis hierhin lief der \u00d6tztaler eigentlich fast perfekt.<\/p><p>K\u00fchtai \u2013 geschafft.<\/p><p>Brenner \u2013 geschafft.<\/p><p>Jaufen \u2013 geschafft.<\/p><p>Ich f\u00fchlte mich weiterhin gut und Sub 10 war absolut drin. Es fehlte eigentlich nur noch ein Berg.<\/p><p>Leider hei\u00dft dieser Berg Timmelsjoch <img class=\"emoji\" role=\"img\" draggable=\"false\" src=\"https:\/\/s.w.org\/images\/core\/emoji\/16.0.1\/svg\/1f602.svg\" alt=\"\"><\/p><p><strong>Timmelsjoch \u2013 jetzt kommt die Abrechnung<\/strong><\/p><p>Schon im ersten Drittel des letzten gro\u00dfen Anstiegs merkte ich: Jetzt wird es richtig schwer.<\/p><p>Die Leistung, die sich vorher noch relativ selbstverst\u00e4ndlich treten lie\u00df, war pl\u00f6tzlich nicht mehr da. Die Beine wurden schwer und ich konnte nicht mehr die Wattzahlen und Kurbelumdrehungen fahren, die ich gerne gefahren w\u00e4re.<\/p><p>Dazu kam wahrscheinlich meine \u00dcbersetzung. Gerade in den steileren Passagen fehlte mir teilweise der kleine Gang, den ich nach inzwischen sieben oder acht Stunden Belastung dringend h\u00e4tte gebrauchen k\u00f6nnen. Statt locker mit einer h\u00f6heren Kadenz zu drehen, musste ich teilweise einen relativ schweren Gang dr\u00fccken. Nach mehreren tausend H\u00f6henmetern macht das irgendwann keinen Spa\u00df mehr. <img class=\"emoji\" role=\"img\" draggable=\"false\" src=\"https:\/\/s.w.org\/images\/core\/emoji\/16.0.1\/svg\/1f605.svg\" alt=\"\"> Dann war es auch noch fast 38 Grad hei\u00df in St. Leonhard im Passeiertal im sch\u00f6nen Alto Adige (S\u00fcdtirol).<\/p><p><a href=\"https:\/\/teucher-marcel.de\/wp-content\/uploads\/2026\/09\/WhatsApp-Image-2026-09-03-at-11.15.47-1-1.jpeg\"><img class=\"aligncenter size-full wp-image-7434\" src=\"https:\/\/teucher-marcel.de\/wp-content\/uploads\/2026\/09\/WhatsApp-Image-2026-09-03-at-11.15.47-1-1.jpeg\" alt=\"\" width=\"1200\" height=\"1600\"><\/a><\/p><p>Also hie\u00df es: Tempo raus, Kopf einschalten und weiterarbeiten.<\/p><p>Die sp\u00e4tere Datenauswertung hat dabei etwas Interessantes gezeigt: Ich bin am Timmelsjoch nicht komplett \u201eeingegangen\".<\/p><p>Es gab keinen klassischen Hungerast und auch keinen v\u00f6lligen Leistungskollaps. Vielmehr war nach mehr als sieben Stunden und mehreren tausend H\u00f6henmetern schlicht die kumulierte Erm\u00fcdung angekommen. Die Herzfrequenz sank, die Leistung wurde niedriger \u2013 aber mein K\u00f6rper konnte weiterhin arbeiten.<\/p><p>Das passt ziemlich gut zu dem, wie es sich angef\u00fchlt hat: Nicht leer. Aber einfach richtig, richtig m\u00fcde.<\/p><p>Dazu kamen die H\u00f6he, die enorme bisherige Gesamtarbeit und wahrscheinlich eben auch die etwas zu gro\u00dfe \u00dcbersetzung. Trotzdem wusste ich: Wenn ich jetzt nicht komplett auseinanderfalle, sind die zehn Stunden noch m\u00f6glich\u2026 Also weiter.<br>Noch einmal K\u00f6rner gesammelt<\/p><p>Irgendwann war auch das Timmelsjoch geschafft.<\/p><p><a href=\"https:\/\/teucher-marcel.de\/wp-content\/uploads\/2026\/09\/WhatsApp-Image-2026-09-03-at-11.15.47.jpeg\"><img class=\"aligncenter size-full wp-image-7435\" src=\"https:\/\/teucher-marcel.de\/wp-content\/uploads\/2026\/09\/WhatsApp-Image-2026-09-03-at-11.15.47.jpeg\" alt=\"\" width=\"1200\" height=\"1600\"><\/a><\/p><p>In der folgenden Abfahrt konnte ich endlich etwas durchschnaufen und wieder ein paar K\u00f6rner sammeln. Und tats\u00e4chlich kam noch einmal etwas zur\u00fcck. Im letzten Gegenanstieg hie\u00df es deshalb: <strong>all in.<\/strong><\/p><p>Alles, was noch da war, durfte jetzt raus\u2026<\/p><p>Danach folgte die lange Abfahrt Richtung S\u00f6lden. Auch dort wollte ich keine Zeit mehr verschenken und konnte noch einmal richtig pushen. Sp\u00e4testens jetzt wusste ich: Das Ding geht sich aus.<\/p><p>Nach <strong>9:49:06 Stunden<\/strong> \u00fcberquerte ich schlie\u00dflich die Ziellinie in S\u00f6lden.<\/p><p>Sub 10. Geschafft! <img class=\"emoji\" role=\"img\" draggable=\"false\" src=\"https:\/\/s.w.org\/images\/core\/emoji\/16.0.1\/svg\/1f4aa.svg\" alt=\"\"><img class=\"emoji\" role=\"img\" draggable=\"false\" src=\"https:\/\/s.w.org\/images\/core\/emoji\/16.0.1\/svg\/1f525.svg\" alt=\"\"><\/p><p><a href=\"https:\/\/teucher-marcel.de\/wp-content\/uploads\/2026\/09\/WhatsApp-Image-2026-09-03-at-11.15.46-2.jpeg\"><img class=\"aligncenter size-full wp-image-7436\" src=\"https:\/\/teucher-marcel.de\/wp-content\/uploads\/2026\/09\/WhatsApp-Image-2026-09-03-at-11.15.46-2.jpeg\" alt=\"\" width=\"900\" height=\"1600\"><\/a><\/p><p><strong>Erst die Daten zeigten mir, wie hart ich wirklich gefahren bin<\/strong><\/p><p>Im Ziel war ich nat\u00fcrlich einfach nur gl\u00fccklich, mein gro\u00dfes Ziel erreicht zu haben und war sogar kurz emotional und mega \u00fcberw\u00e4ltigt von der Stimmung im Ziel. Richtig interessant wurde es aber sp\u00e4ter bei der Auswertung meiner Garmin-Daten.<\/p><p>Denn so \u201elocker und kontrolliert\", wie sich einige Abschnitte w\u00e4hrend des Rennens angef\u00fchlt hatten, war das Ganze offenbar \u00fcberhaupt nicht. <img class=\"emoji\" role=\"img\" draggable=\"false\" src=\"https:\/\/s.w.org\/images\/core\/emoji\/16.0.1\/svg\/1f605.svg\" alt=\"\"><\/p><p>Garmin zeichnete bei mir <strong>225,45 Kilometer, 5.367 H\u00f6henmeter und 9:24:47 Stunden Bewegungszeit<\/strong> auf. Damit lagen zwischen meiner reinen Fahrzeit und den offiziellen 9:49:06 Stunden gerade einmal rund 24 Minuten. F\u00fcr ein fast zehnst\u00fcndiges Rennen inklusive Verpflegungsstellen und Stopps war das ziemlich effizient.<\/p><p>Meine Durchschnittsleistung lag bei <strong>178 Watt<\/strong>. Bei einem Alpenmarathon mit langen Abfahrten sagt dieser Wert allerdings nur einen Teil der Wahrheit. Deutlich interessanter war meine <strong>Normalized Power von 201 Watt<\/strong>. Bei einer hinterlegten FTP von 246 Watt ergibt das einen rechnerischen Intensity Factor von rund <strong>0,82 \u2013 \u00fcber mehr als neun Stunden Fahrzeit<\/strong>. Meine FTP d\u00fcrfte zu diesem Zeitpunkt wahrscheinlich etwas h\u00f6her als die hinterlegten 246 Watt gewesen sein, trotzdem zeigt der Wert ziemlich deutlich, wie hoch die Belastung war. Es wird also Zeit mal einen FTP Test zu machen um genauere Daten zu haben <img class=\"emoji\" role=\"img\" draggable=\"false\" src=\"https:\/\/s.w.org\/images\/core\/emoji\/16.0.1\/svg\/1f605.svg\" alt=\"\">.<\/p><p>Dazu kamen:<\/p><p><strong>6.019 kJ mechanische Arbeit. <\/strong><\/p><p>Fast <strong>40.000 Pedalumdrehungen.<\/strong><\/p><p><strong>\u00d8 Herzfrequenz 150 bpm.<\/strong><\/p><p>Und ein aerober <strong>Training Effect von 5,0.<\/strong><\/p><p>Mit anderen Worten: Das war kein gem\u00fctlicher Sonntag auf dem Rennrad. <img class=\"emoji\" role=\"img\" draggable=\"false\" src=\"https:\/\/s.w.org\/images\/core\/emoji\/16.0.1\/svg\/1f602.svg\" alt=\"\"><\/p><p><strong>Und trotzdem war hinten raus noch etwas da<\/strong><\/p><p>Fast noch wichtiger als die nackten Zahlen ist f\u00fcr mich aber der Rennverlauf. Meine Garmin-Stamina sank bereits nach etwa 2,5 Stunden auf ungef\u00e4hr 50 Prozent und bewegte sich ab Stunde sieben konsequent Richtung null.<\/p><p>Genau dort begann das Timmelsjoch. Trotzdem konnte ich mich nach diesem Tief wieder sammeln. Im Gegenanstieg und auf den letzten Kilometern Richtung S\u00f6lden waren erneut deutliche Leistungsspitzen m\u00f6glich. Bei einem kompletten energetischen Knockout w\u00e4re das so kaum noch m\u00f6glich gewesen.<\/p><p>Auch technisch blieb mein Tritt \u00fcber diese enorme Distanz erstaunlich sauber. Die Pedalbalance lag am Ende bei exakt <strong>50\/50<\/strong>, und auch die weiteren Pedaldynamik-Werte waren links und rechts sehr \u00e4hnlich.<\/p><p>F\u00fcr mich ein sch\u00f6nes Zeichen daf\u00fcr, dass die Ausdauerarbeit funktioniert hat und ich ohnehin durch Das Extrem Enduro fahren einen \u201eenorm starken Motor\" habe. Die eigentliche Vorbereitungszeit ging bei mir ca. 10 Wochen vor dem \u00d6tzi los. Davor hatte ich noch jede Menge Einheiten auf dem Motorrad und eben keine spezielle Radmarathon Vorbereitung\u2026<\/p><p><a href=\"https:\/\/teucher-marcel.de\/wp-content\/uploads\/2026\/09\/WhatsApp-Image-2026-09-03-at-11.15.46-1.jpeg\"><img class=\"aligncenter size-full wp-image-7437\" src=\"https:\/\/teucher-marcel.de\/wp-content\/uploads\/2026\/09\/WhatsApp-Image-2026-09-03-at-11.15.46-1.jpeg\" alt=\"\" width=\"1152\" height=\"2048\"><\/a><\/p><p><strong>Eine echte Rekordedition<\/strong><\/p><p>Erst nach dem Rennen wurde au\u00dferdem deutlich, wie au\u00dfergew\u00f6hnlich schnell der \u00d6tztaler 2026 insgesamt gewesen war. Das Feld war extrem stark besetzt \u2013 unter anderem mit zahlreichen ehemaligen Siegern und hochklassigen Radsportlern. Gleichzeitig passten die Bedingungen und schnelle Gruppen arbeiteten auf den flacheren Streckenabschnitten gut zusammen. Bereits vor dem Rennen galt die Starterliste als eine der hochkar\u00e4tigsten der vergangenen Jahre. (<a href=\"https:\/\/presse.tirol.at\/neuer-rekord-und-prominente-gaeste-beim-45-oetztaler-radmarathon\/293705\/?utm_source=chatgpt.com\">Presse.Tirol<\/a>)<\/p><p>Was daraus entstand, war ein historisch schneller \u00d6tztaler.<\/p><p>Jack Burke gewann in unglaublichen <strong>6:29:21 Stunden<\/strong> und pulverisierte damit den bisherigen Streckenrekord von 6:47:02 Stunden. Und nicht nur Burke war schneller:<\/p><p><strong>Die ersten sechs M\u00e4nner unterboten den bisherigen Streckenrekord.<\/strong><\/p><p>Auch bei den Frauen fiel der Rekord. Janine Meyer gewann zum vierten Mal in Folge und verbesserte ihre eigene Bestmarke auf <strong>7:15:46 Stunden<\/strong>. (<a href=\"https:\/\/presse.tirol.at\/45-oetztaler-radmarathon-tag-der-rekorde-traeume-erfuellt\/295803\/?utm_source=chatgpt.com\">Presse.Tirol<\/a>)<\/p><p>2026 war damit tats\u00e4chlich ein Tag der Rekorde.<\/p><p>Und irgendwo mittendrin war ein Hard-Enduro-Fahrer aus dem Erzgebirge, der einfach nur unbedingt unter zehn Stunden fahren wollte. <img class=\"emoji\" role=\"img\" draggable=\"false\" src=\"https:\/\/s.w.org\/images\/core\/emoji\/16.0.1\/svg\/1f601.svg\" alt=\"\"><\/p><p>Wie ordne ich meine Leistung ein? Am Ende stand f\u00fcr mich offiziell <strong>9:49:06 Stunden<\/strong> auf der Uhr. In der Ergebnisliste bedeutete das Platz <strong>1.408<\/strong> (584. in der Altersklasse) und damit eine Platzierung ungef\u00e4hr im vorderen Drittel des gewerteten Feldes.<\/p><p>Nat\u00fcrlich gibt es immer ein <strong>H\u00e4tte, wenn und aber...<\/strong> <img class=\"emoji\" role=\"img\" draggable=\"false\" src=\"https:\/\/s.w.org\/images\/core\/emoji\/16.0.1\/svg\/1f605.svg\" alt=\"\"><\/p><p>Vielleicht h\u00e4tte ich das K\u00fchtai zehn oder zwanzig Watt kontrollierter fahren k\u00f6nnen.<\/p><p>Vielleicht w\u00e4re mit einer leichteren \u00dcbersetzung am Timmelsjoch noch einiges m\u00f6glich gewesen.<\/p><p>Vielleicht h\u00e4tte ich mit noch mehr spezifischen Rennradkilometern hinten raus weniger verloren.<\/p><p>Aber genau deshalb f\u00e4hrt man solche Rennen. Und f\u00fcr mich ist bei der Einordnung etwas anderes viel wichtiger:<\/p><p><strong>Ich bin kein Radmarathon-Rennrad-Spezialist.<\/strong> Meine eigentliche Sportart und Leidenschaft ist Hard Enduro fahren. Mein Training muss neben der Ausdauer genauso Kraft, Explosivit\u00e4t, Core, Griffkraft und vor allem die Belastbarkeit auf dem Motorrad abdecken. Das Rennrad ist ein wichtiger Teil davon \u2013 aber eben nur ein Teil.<\/p><p>Unter diesen Voraussetzungen bei einem \u00d6tztaler <strong>227 Kilometer und 5.500 H\u00f6henmeter in 9:49 Stunden<\/strong> zu bew\u00e4ltigen, ist f\u00fcr mich pers\u00f6nlich eine meiner st\u00e4rksten Ausdauerleistungen \u00fcberhaupt.<\/p><p>Und vielleicht macht mich sogar noch etwas anderes stolz: Ich hatte am Fu\u00df vom Timmelsjoch mein richtiges Tief. Ich wusste, dass ich vorher wahrscheinlich etwas zu viel investiert hatte. Die Beine wollten nicht mehr so wie ich. Aber ich bin nicht zerfallen. Ich habe das Tempo angepasst, weiter gegessen, weiter getrunken, mich \u00fcber die Passh\u00f6he gearbeitet \u2013 und danach noch einmal den Schalter umgelegt.<\/p><p>Genau diese F\u00e4higkeit brauche ich auch beim Hard-Enduro. Wenn nach vielen Stunden eigentlich alles sagt, dass es langsam reicht, trotzdem einen Weg zu finden, weiterzumachen.<\/p><p><strong>Ziel erreicht \u2013 jetzt wieder zur\u00fcck zum eigentlichen Sport<\/strong> <img class=\"emoji\" role=\"img\" draggable=\"false\" src=\"https:\/\/s.w.org\/images\/core\/emoji\/16.0.1\/svg\/1f608.svg\" alt=\"\"><\/p><p>9:49:06 Stunden. 227 Kilometer. 5.500 H\u00f6henmeter.<\/p><p>K\u00fchtai, Brenner, Jaufenpass und Timmelsjoch.<\/p><p>Vier Alpenp\u00e4sse.<\/p><p>Und bei meiner ersten Teilnahme direkt die magische 10-Stunden-Marke geknackt.<\/p><p>Darauf bin ich verdammt stolz. <img class=\"emoji\" role=\"img\" draggable=\"false\" src=\"https:\/\/s.w.org\/images\/core\/emoji\/16.0.1\/svg\/1f4aa.svg\" alt=\"\"><img class=\"emoji\" role=\"img\" draggable=\"false\" src=\"https:\/\/s.w.org\/images\/core\/emoji\/16.0.1\/svg\/1f6b4-200d-2642-fe0f.svg\" alt=\"\"><img class=\"emoji\" role=\"img\" draggable=\"false\" src=\"https:\/\/s.w.org\/images\/core\/emoji\/16.0.1\/svg\/26f0.svg\" alt=\"\"><\/p><p>Gleichzeitig hat mir der \u00d6tztaler gezeigt, dass meine Ausdauerbasis aktuell auf einem richtig starken Niveau ist. Mehr und mehr Rennradstunden brauche ich deshalb jetzt sicherlich nicht. Nach der notwendigen Regeneration wird es Zeit, diese Basis wieder st\u00e4rker in Kraft, Explosivit\u00e4t, Core, Griffkraft und motorradspezifische Belastbarkeit umzubauen. Oder anders gesagt:<\/p><p><strong>Aus dem Rennradfahrer wird jetzt langsam wieder ein Hard-Enduro-Fahrer <\/strong><strong><img class=\"emoji\" role=\"img\" draggable=\"false\" src=\"https:\/\/s.w.org\/images\/core\/emoji\/16.0.1\/svg\/1f608.svg\" alt=\"\"><img class=\"emoji\" role=\"img\" draggable=\"false\" src=\"https:\/\/s.w.org\/images\/core\/emoji\/16.0.1\/svg\/1f3cd.svg\" alt=\"\"><\/strong><\/p><p>Ein gro\u00dfes Dankesch\u00f6n geht an meine Familie, meine Freundin, meine Freunde und Unterst\u00fctzer sowie nat\u00fcrlich an <strong>ACE Bikes Lauter und alle meine Sponsoren und Partner<\/strong>, die mich nicht nur bei meinen Hard-Enduro-Rennen unterst\u00fctzen, sondern mir auch erm\u00f6glichen, zwischendurch solche ganz besonderen sportlichen Herausforderungen anzugehen.<\/p><p><strong>Danke f\u00fcr euren Support! <\/strong><strong><img class=\"emoji\" role=\"img\" draggable=\"false\" src=\"https:\/\/s.w.org\/images\/core\/emoji\/16.0.1\/svg\/1f64f.svg\" alt=\"\"><\/strong><\/p><p><a href=\"https:\/\/teucher-marcel.de\/wp-content\/uploads\/2026\/09\/WhatsApp-Image-2026-09-03-at-11.15.46.jpeg\"><img class=\"aligncenter size-full wp-image-7438\" src=\"https:\/\/teucher-marcel.de\/wp-content\/uploads\/2026\/09\/WhatsApp-Image-2026-09-03-at-11.15.46.jpeg\" alt=\"\" width=\"1152\" height=\"2048\"><\/a><\/p>\t\t<\/div>\r\n\r\n\t\t\n\t\t\t\t<\/div><!-- .dslc-module -->\n\t\t\n\t\t<div id=\"dslc-module-8b170065651\" class=\"dslc-module-front dslc-module-DSLC_Text_Simple dslc-in-viewport-check dslc-in-viewport-anim-none  dslc-col dslc-12-col dslc-last-col  dslc-module-handle-like-regular \" data-module-id=\"8b170065651\" data-module=\"DSLC_Text_Simple\" data-dslc-module-size=\"12\" data-dslc-anim=\"none\" data-dslc-anim-delay=\"\" data-dslc-anim-duration=\"650\"  data-dslc-anim-easing=\"ease\" data-dslc-preset=\"none\" >\n\n\t\t\t\n\t\t\t\n\t\t\r\n\t\t<div class=\"dslc-text-module-content\">\r\n\t\t\t\t\t<\/div>\r\n\r\n\t\t\n\t\t\t\t<\/div><!-- .dslc-module -->\n\t\t<\/div><div class=\"dslc-modules-area dslc-col dslc-12-col dslc-last-col dslc-valign- \" data-size=\"12\" data-valign=\"\">\n\t\t<div id=\"dslc-module-d49c5627d98\" class=\"dslc-module-front dslc-module-DSLC_Text_Simple dslc-in-viewport-check dslc-in-viewport-anim-none  dslc-col dslc-12-col dslc-last-col  dslc-module-handle-like-regular \" data-module-id=\"d49c5627d98\" data-module=\"DSLC_Text_Simple\" data-dslc-module-size=\"12\" data-dslc-anim=\"none\" data-dslc-anim-delay=\"\" data-dslc-anim-duration=\"650\"  data-dslc-anim-easing=\"ease\" data-dslc-preset=\"none\" >\n\n\t\t\t\n\t\t\t\n\t\t\r\n\t\t<div class=\"dslc-text-module-content\">\r\n\t\t\t\t\t<\/div>\r\n\r\n\t\t\n\t\t\t\t<\/div><!-- .dslc-module -->\n\t\t<\/div><\/div><\/div><\/div><input type=\"hidden\" id=\"dslca-post-data-thumb\" value=\"https:\/\/teucher-marcel.de\/wp-content\/uploads\/2026\/09\/WhatsApp-Image-2026-09-03-at-11.15.48.jpeg\" \/>","protected":false},"excerpt":{"rendered":"<p>\u00d6tztaler Radmarathon 2026 \u2013 227 Kilometer, 5.500 H\u00f6henmeter und mein Traum von Sub 10 Nach den ersten 5 L\u00e4ufen der HardenduroSeries Germany, dem Drapak Rodeo und nat\u00fcrlich dem Erzbergrodeo stand Ende August ein f\u00fcr mich etwas anderes Saisonhighlight auf dem Programm: der \u00d6tztaler Radmarathon.Das Rennrad ist f\u00fcr mich eigentlich in erster Linie Trainingsger\u00e4t und wichtiger [&hellip;]<\/p>\n","protected":false},"author":1,"featured_media":7431,"comment_status":"closed","ping_status":"open","sticky":false,"template":"","format":"standard","meta":{"ngg_post_thumbnail":0,"footnotes":"","_links_to":"","_links_to_target":""},"categories":[28],"tags":[],"class_list":["post-7439","post","type-post","status-publish","format-standard","has-post-thumbnail","hentry","category-news-2026"],"_links":{"self":[{"href":"https:\/\/teucher-marcel.de\/index.php?rest_route=\/wp\/v2\/posts\/7439","targetHints":{"allow":["GET"]}}],"collection":[{"href":"https:\/\/teucher-marcel.de\/index.php?rest_route=\/wp\/v2\/posts"}],"about":[{"href":"https:\/\/teucher-marcel.de\/index.php?rest_route=\/wp\/v2\/types\/post"}],"author":[{"embeddable":true,"href":"https:\/\/teucher-marcel.de\/index.php?rest_route=\/wp\/v2\/users\/1"}],"replies":[{"embeddable":true,"href":"https:\/\/teucher-marcel.de\/index.php?rest_route=%2Fwp%2Fv2%2Fcomments&post=7439"}],"version-history":[{"count":1,"href":"https:\/\/teucher-marcel.de\/index.php?rest_route=\/wp\/v2\/posts\/7439\/revisions"}],"predecessor-version":[{"id":7440,"href":"https:\/\/teucher-marcel.de\/index.php?rest_route=\/wp\/v2\/posts\/7439\/revisions\/7440"}],"wp:featuredmedia":[{"embeddable":true,"href":"https:\/\/teucher-marcel.de\/index.php?rest_route=\/wp\/v2\/media\/7431"}],"wp:attachment":[{"href":"https:\/\/teucher-marcel.de\/index.php?rest_route=%2Fwp%2Fv2%2Fmedia&parent=7439"}],"wp:term":[{"taxonomy":"category","embeddable":true,"href":"https:\/\/teucher-marcel.de\/index.php?rest_route=%2Fwp%2Fv2%2Fcategories&post=7439"},{"taxonomy":"post_tag","embeddable":true,"href":"https:\/\/teucher-marcel.de\/index.php?rest_route=%2Fwp%2Fv2%2Ftags&post=7439"}],"curies":[{"name":"wp","href":"https:\/\/api.w.org\/{rel}","templated":true}]}}